{"id":108591,"date":"2024-02-14T13:59:52","date_gmt":"2024-02-14T16:59:52","guid":{"rendered":"https:\/\/cdnoticias.com\/?p=108591"},"modified":"2024-02-14T18:02:04","modified_gmt":"2024-02-14T21:02:04","slug":"iluminacion-pavimento-y-cloacas-wesner-proyecta-en-olavarria-con-financiacion-provincial","status":"publish","type":"post","link":"https:\/\/cdnoticias.com\/index.php\/2024\/02\/14\/iluminacion-pavimento-y-cloacas-wesner-proyecta-en-olavarria-con-financiacion-provincial\/","title":{"rendered":"Iluminaci\u00f3n, pavimento y cloacas: Wesner proyecta en Olavarr\u00eda con financiaci\u00f3n provincial"},"content":{"rendered":"<p>El Intendente se reuni\u00f3 este mi\u00e9rcoles con el ministro de Infraestructura, Gabriel Katopodis. Anunci\u00f3 \u201cvamos a firmar un convenio marco para poder ejecutar en todo el partido de Olavarr\u00eda un programa de infraestructura\u201d. El jefe comunal afirm\u00f3 que \u201ctodos los d\u00edas est\u00e1n cayendo los puestos de trabajo\u201d en Olavarr\u00eda.<\/p>\n<p><!--more--><\/p>\n<hr \/>\n<p>El <strong>intendente Maximiliano Wesner<\/strong> mantuvo <strong>una reuni\u00f3n con el ministro de Infraestructura y Servicios P\u00fablicos de la provincia, Gabriel Katopodis<\/strong>, quien estuvo <strong>este mi\u00e9rcoles en Olavarr\u00eda<\/strong>. En ese marco anunci\u00f3 <strong>tres lineamientos de obras<\/strong> planteadas para Olavarr\u00eda: <strong>iluminaci\u00f3n, pavimentaci\u00f3n de una arteria de acceso y cloacas.<\/strong><\/p>\n<p>&nbsp;<\/p>\n<p>Asimismo, consultado por la paralizaci\u00f3n del sector construcci\u00f3n y su impacto local el jefe comunal dio cuenta de la <strong>ca\u00edda de unos 1.000 puestos de trabajo<\/strong> entre diciembre y la actualidad.<\/p>\n<p>&nbsp;<\/p>\n<p>En el marco de la conferencia que brind\u00f3 Katopodis en la sede del futuro Polo Judicial, en Bol\u00edvar y 25 de Mayo, <strong>ambos dirigentes hicieron hincapi\u00e9 en las obras p\u00fablicas de financiaci\u00f3n nacional detenidas en el \u00e1mbito bonaerense y local<\/strong>. <em>\u201cLa Facultad de Ciencias de la Salud, el acceso a Sierras Bayas, el Polo Cultural que nos toc\u00f3 gestionar no siendo gobierno municipal y ahora exigimos la continuidad, y el colector cloacal norte y esas dos etapas que se hab\u00edan licitado y quedaron truncas\u201d<\/em> enumer\u00f3 Wesner sobre lo local.<\/p>\n<p>&nbsp;<\/p>\n<p><img data-recalc-dims=\"1\" loading=\"lazy\" decoding=\"async\" class=\"size-full wp-image-108587 aligncenter\" src=\"https:\/\/i0.wp.com\/cdnoticias.com\/wp-content\/uploads\/2024\/02\/katopodis-polo-judicial-06.jpg?resize=800%2C445&#038;ssl=1\" alt=\"\" width=\"800\" height=\"445\" srcset=\"https:\/\/i0.wp.com\/cdnoticias.com\/wp-content\/uploads\/2024\/02\/katopodis-polo-judicial-06.jpg?w=800&amp;ssl=1 800w, https:\/\/i0.wp.com\/cdnoticias.com\/wp-content\/uploads\/2024\/02\/katopodis-polo-judicial-06.jpg?resize=300%2C167&amp;ssl=1 300w, https:\/\/i0.wp.com\/cdnoticias.com\/wp-content\/uploads\/2024\/02\/katopodis-polo-judicial-06.jpg?resize=768%2C427&amp;ssl=1 768w\" sizes=\"auto, (max-width: 800px) 100vw, 800px\" \/><\/p>\n<p>&nbsp;<\/p>\n<blockquote><p>\u201cExigimos al gobierno nacional agilizar y la reapertura de la obra p\u00fablica. Esto destruye puestos de trabajos, destruye inversi\u00f3n y para nosotros es central. De esto somos testigos en Olavarr\u00eda\u201d subray\u00f3 el jefe comunal.<\/p><\/blockquote>\n<p>&nbsp;<\/p>\n<p>Coment\u00f3 que hace algunos d\u00edas <a href=\"https:\/\/cdnoticias.com\/index.php\/2024\/02\/07\/wesner-recibio-a-directivos-de-loma-negra\/\" target=\"_blank\" rel=\"noopener\">mantuvo reuniones con autoridades de las dos firmas cementeras<\/a> de la ciudad, \u201cme mencionaban claramente el reflejo de todo esto en el despacho de cemento. <a href=\"https:\/\/cdnoticias.com\/index.php\/2024\/02\/12\/los-despachos-de-cemento-cayeron-20-en-enero\/\" target=\"_blank\" rel=\"noopener\">La ca\u00edda respecto al mes anterior, pero tambi\u00e9n la ca\u00edda interanual<\/a> que<strong> lo vemos nosotros en las arcas municipales con el Derecho de Explotaci\u00f3n de Canteras que ha ca\u00eddo notoriamente\u201d<\/strong> se\u00f1al\u00f3.<\/p>\n<p>&nbsp;<\/p>\n<h2>Las obras para Olavarr\u00eda<\/h2>\n<p>&nbsp;<\/p>\n<p>Acerca del encuentro mantenido esta ma\u00f1ana en el Palacio Municipal, Wesner inform\u00f3 que<strong> expuso ante el ministro \u201cel programa de infraestructura que tenemos pensado para el Partido de Olavarr\u00eda.<\/strong> Lo anclaba en tres puntos dentro de este contexto de coyuntura nacional\u201d.<\/p>\n<p>&nbsp;<\/p>\n<p>Con ello mencion\u00f3 en primer lugar, <strong>\u201cel plan de reconversi\u00f3n lum\u00ednica para los diferentes barrios de Olavarr\u00eda.<\/strong> Diecis\u00e9is mil luminarias LED est\u00e1n faltando en todo el Partido de Olavarr\u00eda. Vamos a empezar con una primera etapa\u201d.<\/p>\n<p>&nbsp;<\/p>\n<p><img data-recalc-dims=\"1\" loading=\"lazy\" decoding=\"async\" class=\"size-full wp-image-108586 aligncenter\" src=\"https:\/\/i0.wp.com\/cdnoticias.com\/wp-content\/uploads\/2024\/02\/katopodis-polo-judicial-05.jpg?resize=800%2C445&#038;ssl=1\" alt=\"\" width=\"800\" height=\"445\" srcset=\"https:\/\/i0.wp.com\/cdnoticias.com\/wp-content\/uploads\/2024\/02\/katopodis-polo-judicial-05.jpg?w=800&amp;ssl=1 800w, https:\/\/i0.wp.com\/cdnoticias.com\/wp-content\/uploads\/2024\/02\/katopodis-polo-judicial-05.jpg?resize=300%2C167&amp;ssl=1 300w, https:\/\/i0.wp.com\/cdnoticias.com\/wp-content\/uploads\/2024\/02\/katopodis-polo-judicial-05.jpg?resize=768%2C427&amp;ssl=1 768w\" sizes=\"auto, (max-width: 800px) 100vw, 800px\" \/><\/p>\n<p>&nbsp;<\/p>\n<p>Luego detall\u00f3 el proyecto de <strong>pavimentaci\u00f3n<\/strong> de una avenida que defini\u00f3 como \u201cprincipal\u201d:<strong> \u201cla avenida La Rioja, desde el campus universitario hasta la Ruta Nacional 226.<\/strong> En una primera etapa est\u00e1 el compromiso -y ya charlamos- de poder afrontar y <strong>pavimentar 900 metros hasta la avenida Col\u00f3n\u201d<\/strong>.<\/p>\n<p>&nbsp;<\/p>\n<p>El tercer punto que enumer\u00f3 el Intendente fue: \u201cen esto de abrazar Olavarr\u00eda de afuera para adentro, en este programa de infraestructura,<strong> es necesaria la red cloacal. Es un reclamo de todos los vecinos,<\/strong> por eso hemos diagramado <strong>un plan director de red cloacal para todo el Partido de Olavarr\u00eda\u201d<\/strong>. Agreg\u00f3 que se planific\u00f3 \u201cuna primera etapa donde tenemos apuntado algunos barrios\u201d, sin dar m\u00e1s detalles. Adelant\u00f3 que<strong> la propuesta de obra espec\u00edfica \u201cla vamos a presentar al Ministerio\u201d.<\/strong><\/p>\n<p>&nbsp;<\/p>\n<blockquote><p>\u201cVamos a firmar un convenio marco para poder ejecutar en todo el partido de Olavarr\u00eda un programa de infraestructura que no s\u00e9 si es novedoso, pero es muy creativo en la coyuntura que estamos viviendo. No nos podemos quedar de brazos cruzados esperando, no solamente vamos a ir a reclamar las obras nacionales, sino que en articulaci\u00f3n con la Provincia y con contraparte de fondos municipales vamos a ejecutar este programa de infraestructura sumado a lo que presentamos en el Presupuesto, que tiene que ver con la continuidad y la responsabilidad como intendente de poder continuar las obras con fondos municipales\u201d explic\u00f3 sobre el panorama de obras local.<\/p><\/blockquote>\n<p>&nbsp;<\/p>\n<p>Maximiliano Wesner<strong> consider\u00f3 que ser\u00e1 posible iniciar las obras proyectadas \u201cantes de fin de a\u00f1o\u201d.<\/strong> Hizo hincapi\u00e9 en el trabajo en conjunto con la gesti\u00f3n Provincial, \u201cOlavarr\u00eda no es una isla, lo dec\u00eda meses atr\u00e1s, lo vuelvo a decir ahora. Me parece que hay que trabajar articuladamente, mancomunadamente, para poder llevar soluciones a los vecinos y vecinas de nuestro partido\u201d.<\/p>\n<p>&nbsp;<\/p>\n<p><img data-recalc-dims=\"1\" loading=\"lazy\" decoding=\"async\" class=\"size-full wp-image-108588 aligncenter\" src=\"https:\/\/i0.wp.com\/cdnoticias.com\/wp-content\/uploads\/2024\/02\/katopodis-polo-judicial-07.jpg?resize=800%2C445&#038;ssl=1\" alt=\"\" width=\"800\" height=\"445\" srcset=\"https:\/\/i0.wp.com\/cdnoticias.com\/wp-content\/uploads\/2024\/02\/katopodis-polo-judicial-07.jpg?w=800&amp;ssl=1 800w, https:\/\/i0.wp.com\/cdnoticias.com\/wp-content\/uploads\/2024\/02\/katopodis-polo-judicial-07.jpg?resize=300%2C167&amp;ssl=1 300w, https:\/\/i0.wp.com\/cdnoticias.com\/wp-content\/uploads\/2024\/02\/katopodis-polo-judicial-07.jpg?resize=768%2C427&amp;ssl=1 768w\" sizes=\"auto, (max-width: 800px) 100vw, 800px\" \/><\/p>\n<p>&nbsp;<\/p>\n<h2>Puestos de trabajo<\/h2>\n<p>&nbsp;<\/p>\n<p>En l\u00ednea con el pedido que expresaron el gobernador Axel Kicillof y Gabriel Katopodis, Wesner apunt\u00f3 que <strong>la continuidad de las obras p\u00fablicas es tambi\u00e9n \u201cuna continuidad jur\u00eddica en la que est\u00e1 el derecho de los olavarrienses, est\u00e1 el derecho de los bonarenses y est\u00e1 el derecho al trabajo<\/strong>, porque detr\u00e1s de todo esto hay puestos de trabajo\u201d.<\/p>\n<p>&nbsp;<\/p>\n<blockquote><p>Sobre la desocupaci\u00f3n aludi\u00f3 a las referencias que brind\u00f3 el secretario del Ministerio de Trabajo provincial en Olavarr\u00eda, Lucas Miriuka. \u201cTodos los d\u00edas est\u00e1n cayendo los puestos de trabajo, casos conocidos son de una cantera en la localidad de Sierras Bayas pero tambi\u00e9n la construcci\u00f3n privada ha dejado much\u00edsimos y tant\u00edsimos puestos de trabajo\u201d advirti\u00f3.<\/p><\/blockquote>\n<p>&nbsp;<\/p>\n<p>Estim\u00f3 que el n\u00famero de despidos <strong>\u201cdebe rondar los mil puestos de trabajo desde principios de diciembre\u201d<\/strong> en Olavarr\u00eda.<\/p>\n<p>&nbsp;<\/p>\n","protected":false},"excerpt":{"rendered":"<p>El Intendente se reuni\u00f3 este mi\u00e9rcoles con el ministro de Infraestructura, Gabriel Katopodis. Anunci\u00f3 \u201cvamos a firmar un convenio marco<\/p>\n","protected":false},"author":4,"featured_media":108589,"comment_status":"closed","ping_status":"closed","sticky":false,"template":"","format":"standard","meta":{"_jetpack_memberships_contains_paid_content":false,"footnotes":""},"categories":[5,1],"tags":[],"class_list":["post-108591","post","type-post","status-publish","format-standard","has-post-thumbnail","hentry","category-informacion-general","category-portada"],"jetpack_featured_media_url":"https:\/\/i0.wp.com\/cdnoticias.com\/wp-content\/uploads\/2024\/02\/katopodis-polo-judicial-08.jpg?fit=800%2C445&ssl=1","jetpack_sharing_enabled":true,"_links":{"self":[{"href":"https:\/\/cdnoticias.com\/index.php\/wp-json\/wp\/v2\/posts\/108591","targetHints":{"allow":["GET"]}}],"collection":[{"href":"https:\/\/cdnoticias.com\/index.php\/wp-json\/wp\/v2\/posts"}],"about":[{"href":"https:\/\/cdnoticias.com\/index.php\/wp-json\/wp\/v2\/types\/post"}],"author":[{"embeddable":true,"href":"https:\/\/cdnoticias.com\/index.php\/wp-json\/wp\/v2\/users\/4"}],"replies":[{"embeddable":true,"href":"https:\/\/cdnoticias.com\/index.php\/wp-json\/wp\/v2\/comments?post=108591"}],"version-history":[{"count":0,"href":"https:\/\/cdnoticias.com\/index.php\/wp-json\/wp\/v2\/posts\/108591\/revisions"}],"wp:featuredmedia":[{"embeddable":true,"href":"https:\/\/cdnoticias.com\/index.php\/wp-json\/wp\/v2\/media\/108589"}],"wp:attachment":[{"href":"https:\/\/cdnoticias.com\/index.php\/wp-json\/wp\/v2\/media?parent=108591"}],"wp:term":[{"taxonomy":"category","embeddable":true,"href":"https:\/\/cdnoticias.com\/index.php\/wp-json\/wp\/v2\/categories?post=108591"},{"taxonomy":"post_tag","embeddable":true,"href":"https:\/\/cdnoticias.com\/index.php\/wp-json\/wp\/v2\/tags?post=108591"}],"curies":[{"name":"wp","href":"https:\/\/api.w.org\/{rel}","templated":true}]}}