{"id":108569,"date":"2024-02-14T10:32:38","date_gmt":"2024-02-14T13:32:38","guid":{"rendered":"https:\/\/cdnoticias.com\/?p=108569"},"modified":"2024-02-14T14:03:14","modified_gmt":"2024-02-14T17:03:14","slug":"el-cec-801-lanzo-una-campana-de-donacion-tras-danos-y-hurtos","status":"publish","type":"post","link":"https:\/\/cdnoticias.com\/index.php\/2024\/02\/14\/el-cec-801-lanzo-una-campana-de-donacion-tras-danos-y-hurtos\/","title":{"rendered":"El CEC 801 lanz\u00f3 una campa\u00f1a de donaci\u00f3n tras \u201cda\u00f1os y hurtos\u201d"},"content":{"rendered":"<p>Piden a la comunidad \u00fatiles escolares, elementos de arte, juegos did\u00e1cticos, ventiladores y televisores. La escuela sigue sin luz en los salones. El subdirector Marcelo Mussi destac\u00f3 que necesitan \u201csacar el resto de los \u00e1rboles ca\u00eddos, la verdad est\u00e1 en peligro que podamos dar inicio a las clases\u201d.<\/p>\n<p><!--more--><\/p>\n<hr \/>\n<p>El <strong>Centro de Educaci\u00f3n Complementario 801 de Olavarr\u00eda<\/strong> lanz\u00f3 una <strong>campa\u00f1a de donaci\u00f3n<\/strong> de distintos elementos que necesitan para el <strong>reinicio del ciclo lectivo<\/strong>. El establecimiento fue<strong> fuertemente afectado por los temporales de diciembre<\/strong>, <a href=\"https:\/\/cdnoticias.com\/index.php\/2023\/12\/15\/cepeac-y-el-cec-801-quedaron-debajo-de-arboles-que-cayeron-con-el-temporal\/\" target=\"_blank\" rel=\"noopener\">con el derrumbe de parte del edificio de Col\u00f3n y Jun\u00edn<\/a>, y luego adem\u00e1s <strong>fue blanco de robos.<\/strong><\/p>\n<blockquote><p>En la campa\u00f1a lanzada d\u00edas pasados explicaron que \u201chemos sufrido da\u00f1os en infraestructura y hurtos durante el receso\u201d. Con ello solicitaron \u00fatiles escolares en general, elementos de arte., juegos did\u00e1cticos, ventiladores y televisores. El personal trabaja en la sede de Jun\u00edn 3371 a donde quienes puedan colaborar pueden acercarse de lunes a viernes de 8 a 17 horas.<\/p><\/blockquote>\n<p>En una entrevista con el programa Levantate por FM Sapiens, <strong>el subdirector del establecimiento, Marcelo Mussi<\/strong>, explic\u00f3 que <em>el CEC 801 \u201ces un instituci\u00f3n de ense\u00f1anza y cuidado. Pertenecemos a la Provincia y la gran diferencia es que nosotros estamos siempre articulando con las escuelas. Trabajamos activamente con ellos en la parte pedag\u00f3gica y vamos recaudando informaci\u00f3n para ver c\u00f3mo ayudamos a los chicos en la parte acad\u00e9mica, incluso alimenticia\u201d<\/em>. Mencion\u00f3 que articulan con las escuelas primarias 53, 1, 4 y 60, y con las secundarias 18, 6 y 8.<strong> Los estudiantes asisten al CEC \u201ca contraturno de la escuela. Pueden almorzar si van en turno tarde, tambi\u00e9n tienen una merienda y el resto de las actividades que comprende la ayuda escolar.<\/strong> No es prioritaria esa parte, queremos resaltar porque mucha gente cree que vienen a hacer deberes y a jugar. La verdad es que<strong> la instituci\u00f3n con sus docentes cuenta con su proyecto y su planificaci\u00f3n institucional. Tenemos talleres, ense\u00f1amos muchas cosas<\/strong> y no es solamente la parte acad\u00e9mica. As\u00ed que hay momentos en el d\u00eda, en una semana y en el mes donde es muy posible que estemos trabajando en los proyectos propios\u201d.<\/p>\n<figure id=\"attachment_108321\" aria-describedby=\"caption-attachment-108321\" style=\"width: 1000px\" class=\"wp-caption aligncenter\"><img data-recalc-dims=\"1\" loading=\"lazy\" decoding=\"async\" class=\"wp-image-108321 size-full\" src=\"https:\/\/i0.wp.com\/cdnoticias.com\/wp-content\/uploads\/2024\/02\/CEC-801-obras-00.jpg?resize=800%2C445&#038;ssl=1\" alt=\"\" width=\"800\" height=\"445\" srcset=\"https:\/\/i0.wp.com\/cdnoticias.com\/wp-content\/uploads\/2024\/02\/CEC-801-obras-00.jpg?w=1000&amp;ssl=1 1000w, https:\/\/i0.wp.com\/cdnoticias.com\/wp-content\/uploads\/2024\/02\/CEC-801-obras-00.jpg?resize=300%2C167&amp;ssl=1 300w, https:\/\/i0.wp.com\/cdnoticias.com\/wp-content\/uploads\/2024\/02\/CEC-801-obras-00.jpg?resize=768%2C427&amp;ssl=1 768w, https:\/\/i0.wp.com\/cdnoticias.com\/wp-content\/uploads\/2024\/02\/CEC-801-obras-00.jpg?resize=800%2C445&amp;ssl=1 800w\" sizes=\"auto, (max-width: 800px) 100vw, 800px\" \/><figcaption id=\"caption-attachment-108321\" class=\"wp-caption-text\">En los primeros d\u00edas de febrero se observaron m\u00e1quinas y personal en tareas de limpieza en la sede de Jun\u00edn y Col\u00f3n.<\/figcaption><\/figure>\n<p>Tal como inform\u00f3 <strong>Central de Noticias<\/strong> la semana pasada, <a href=\"https:\/\/cdnoticias.com\/index.php\/2024\/02\/08\/limpieza-en-el-predio-del-cec-801-y-cepeac\/\" target=\"_blank\" rel=\"noopener\">la tarea de remoci\u00f3n de los \u00e1rboles ca\u00eddos<\/a> a mediados de diciembre y de la estructura derrumbada ya comenz\u00f3. Pero a\u00fan resta su finalizaci\u00f3n. <strong>El profesor Mussi cont\u00f3 que los da\u00f1os afectaron \u201ca las oficinas de direcci\u00f3n y secretar\u00eda y ba\u00f1o de docentes\u201d.<\/strong><\/p>\n<blockquote><p>Pero tras ese problema, se sumaron los robos de cables que hasta hoy mantienen al establecimiento sin suministro el\u00e9ctrico en las aulas. \u201cNos quedamos sin luz porque tuvimos muchos robos. Nos robaron el cableado el\u00e9ctrico de parte de la instituci\u00f3n. Hoy por hoy estamos sin luz en los salones\u201d. Destac\u00f3 que desde la Provincia de Buenos Aires se trabaja para la reinstalaci\u00f3n.<\/p><\/blockquote>\n<p>Adem\u00e1s, sufrieron los <strong>robos de ventiladores y televisores<\/strong>. \u201cNo eran nuevos, pero la verdad es que para la parte pedag\u00f3gica y recreativa nos ayudaba mucho. <strong>Uno de los salones m\u00e1s afectados fue el de grupo de Inicial donde trabajan con mucho material did\u00e1ctico.<\/strong> Tambi\u00e9n fuimos perjudicados en eso\u201d indic\u00f3 el subdirector.<\/p>\n<figure id=\"attachment_104627\" aria-describedby=\"caption-attachment-104627\" style=\"width: 1000px\" class=\"wp-caption aligncenter\"><img data-recalc-dims=\"1\" loading=\"lazy\" decoding=\"async\" class=\"wp-image-104627 size-full\" src=\"https:\/\/i0.wp.com\/cdnoticias.com\/wp-content\/uploads\/2023\/12\/temporal-escuela-cec-801-cepeac-01.jpg?resize=800%2C445&#038;ssl=1\" alt=\"\" width=\"800\" height=\"445\" srcset=\"https:\/\/i0.wp.com\/cdnoticias.com\/wp-content\/uploads\/2023\/12\/temporal-escuela-cec-801-cepeac-01.jpg?w=1000&amp;ssl=1 1000w, https:\/\/i0.wp.com\/cdnoticias.com\/wp-content\/uploads\/2023\/12\/temporal-escuela-cec-801-cepeac-01.jpg?resize=300%2C167&amp;ssl=1 300w, https:\/\/i0.wp.com\/cdnoticias.com\/wp-content\/uploads\/2023\/12\/temporal-escuela-cec-801-cepeac-01.jpg?resize=768%2C427&amp;ssl=1 768w, https:\/\/i0.wp.com\/cdnoticias.com\/wp-content\/uploads\/2023\/12\/temporal-escuela-cec-801-cepeac-01.jpg?resize=800%2C445&amp;ssl=1 800w\" sizes=\"auto, (max-width: 800px) 100vw, 800px\" \/><figcaption id=\"caption-attachment-104627\" class=\"wp-caption-text\">El temporal del 14 de diciembre caus\u00f3 la ca\u00edda de \u00e1rboles y el derrumbe de parte del establecimiento educativo.<\/figcaption><\/figure>\n<p>Respecto del <strong>servicio alimentario<\/strong>, afirm\u00f3 que<strong> \u201cya est\u00e1 resuelto\u201d<\/strong> debido a que <strong>se repar\u00f3 la instalaci\u00f3n de gas<\/strong>.<\/p>\n<blockquote><p>\u201cLo prioritario hoy en la instituci\u00f3n tiene que ver con los alrededores\u201d subray\u00f3 para referirse al corte de pasto y la pintura de la sede. Los defini\u00f3 como \u201cprioritarios\u201d junto a la necesidad de material did\u00e1ctico y el retiro de los \u00e1rboles ca\u00eddos. Apunt\u00f3 a que para las tareas ya realizadas colabor\u00f3 el Municipio y que, para lo que resta, se aguarda la llegada de nuevas partidas de fondos provinciales. Hizo hincapi\u00e9 en la necesidad de \u201csacar el resto de los \u00e1rboles, la verdad est\u00e1 en peligro que podamos dar inicio a las clases\u201d. \u201cCreo que la comunidad puede colaborar\u201d expres\u00f3 Mussi. En ese punto se\u00f1al\u00f3 las dificultades para el retiro de los ejemplares ya que se requiere \u201cuna log\u00edstica bastante importante\u201d y tiene \u201cun costo muy alto\u201d.<\/p><\/blockquote>\n<p>Por \u00faltimo, el docente valor\u00f3 la solidaridad en Olavarr\u00eda. <strong>\u201cLa gente se acerca y colabora, Olavarr\u00eda se destaca en eso. Solamente tienen que enterarse y la gente siempre est\u00e1\u201d<\/strong>.<\/p>\n","protected":false},"excerpt":{"rendered":"<p>Piden a la comunidad \u00fatiles escolares, elementos de arte, juegos did\u00e1cticos, ventiladores y televisores. La escuela sigue sin luz en<\/p>\n","protected":false},"author":4,"featured_media":108570,"comment_status":"closed","ping_status":"closed","sticky":false,"template":"","format":"standard","meta":{"_jetpack_memberships_contains_paid_content":false,"footnotes":""},"categories":[5,1],"tags":[],"class_list":["post-108569","post","type-post","status-publish","format-standard","has-post-thumbnail","hentry","category-informacion-general","category-portada"],"jetpack_featured_media_url":"https:\/\/i0.wp.com\/cdnoticias.com\/wp-content\/uploads\/2024\/02\/campana-donacion-CEC-801.jpg?fit=800%2C445&ssl=1","jetpack_sharing_enabled":true,"_links":{"self":[{"href":"https:\/\/cdnoticias.com\/index.php\/wp-json\/wp\/v2\/posts\/108569","targetHints":{"allow":["GET"]}}],"collection":[{"href":"https:\/\/cdnoticias.com\/index.php\/wp-json\/wp\/v2\/posts"}],"about":[{"href":"https:\/\/cdnoticias.com\/index.php\/wp-json\/wp\/v2\/types\/post"}],"author":[{"embeddable":true,"href":"https:\/\/cdnoticias.com\/index.php\/wp-json\/wp\/v2\/users\/4"}],"replies":[{"embeddable":true,"href":"https:\/\/cdnoticias.com\/index.php\/wp-json\/wp\/v2\/comments?post=108569"}],"version-history":[{"count":0,"href":"https:\/\/cdnoticias.com\/index.php\/wp-json\/wp\/v2\/posts\/108569\/revisions"}],"wp:featuredmedia":[{"embeddable":true,"href":"https:\/\/cdnoticias.com\/index.php\/wp-json\/wp\/v2\/media\/108570"}],"wp:attachment":[{"href":"https:\/\/cdnoticias.com\/index.php\/wp-json\/wp\/v2\/media?parent=108569"}],"wp:term":[{"taxonomy":"category","embeddable":true,"href":"https:\/\/cdnoticias.com\/index.php\/wp-json\/wp\/v2\/categories?post=108569"},{"taxonomy":"post_tag","embeddable":true,"href":"https:\/\/cdnoticias.com\/index.php\/wp-json\/wp\/v2\/tags?post=108569"}],"curies":[{"name":"wp","href":"https:\/\/api.w.org\/{rel}","templated":true}]}}