{"id":108542,"date":"2024-02-13T11:14:33","date_gmt":"2024-02-13T14:14:33","guid":{"rendered":"https:\/\/cdnoticias.com\/?p=108542"},"modified":"2024-02-13T20:54:53","modified_gmt":"2024-02-13T23:54:53","slug":"salario-docente-provincia-avisa-que-no-podra-pagar-todo-el-ano-la-parte-de-nacion","status":"publish","type":"post","link":"https:\/\/cdnoticias.com\/index.php\/2024\/02\/13\/salario-docente-provincia-avisa-que-no-podra-pagar-todo-el-ano-la-parte-de-nacion\/","title":{"rendered":"Salario docente: Provincia avisa que no podr\u00e1 pagar todo el a\u00f1o la parte de Naci\u00f3n"},"content":{"rendered":"<p>El Gobierno bonaerense abon\u00f3 el \u00faltimo mes sumas nacionales que la gesti\u00f3n de Javier Milei no gir\u00f3 a las provincias.<!--more--><\/p>\n<hr \/>\n<p>El <strong>ministro de Gobierno bonaerense, Carlos Bianco<\/strong>, advirti\u00f3 que la Provincia <strong>\u201cno tiene los recursos\u201d para pagar durante todo el a\u00f1o las sumas incluidas en el salario docente que corresponden a Naci\u00f3n<\/strong> y que <a href=\"https:\/\/cdnoticias.com\/index.php\/2024\/02\/08\/la-gobernacion-destaco-que-cubrio-deuda-de-nacion-para-pagos-salariales\/\" target=\"_blank\" rel=\"noopener\">el \u00faltimo mes no gir\u00f3 el gobierno de Javier Milei.<\/a><\/p>\n<p>\u201c<strong>La Provincia de Buenos Aires no tiene los recursos como para hacer el pago efectivo todo a\u00f1o.<\/strong> Por eso le estamos pidiendo al Gobierno nacional que reconsidere la situaci\u00f3n\u201d, se\u00f1al\u00f3 el funcionario de Axel Kicillof en el marco de una entrevista por El Destape Radio.<\/p>\n<p>La semana pasada, <strong>el Gobierno bonaerense abon\u00f3 (como estaba previsto en el cronograma) los salarios docentes con la totalidad de las sumas que lo componen, incluidas las que les corresponden a Naci\u00f3n<\/strong> (como el Fondo Nacional de Incentivo Docente (FONID), Conectividad y Material Did\u00e1ctico) pese a que la administraci\u00f3n central no gir\u00f3 los fondos.<\/p>\n<p>La falta de giro de fondos por parte de Naci\u00f3n se repiti\u00f3 en las otras provincias del pa\u00eds y motiv\u00f3 la firma de una carta de los<a href=\"https:\/\/cdnoticias.com\/index.php\/2024\/02\/10\/ministros-de-educacion-de-todo-el-pais-le-reclaman-fondos-al-gobierno-de-milei\/\" target=\"_blank\" rel=\"noopener\"> ministros de Educaci\u00f3n de los distintos distritos para reclamarle los recursos al gobierno de Milei.<\/a><\/p>\n<p>\u201cNo es que Milei toma venganza contra los gobernadores. <strong>Se est\u00e1 vengando de los maestros, no de los gobernadores.<\/strong> A los que les impacta en el salario es a los maestros. O sea que la venganza no es contra la pol\u00edtica, contra la casta, contra los gobernadores. La venganza es contra el pueblo, es contra los maestros y las maestras de todo el pa\u00eds\u201d, agreg\u00f3 Bianco.<\/p>\n<p>Fuente: DIB.<\/p>\n","protected":false},"excerpt":{"rendered":"<p>El Gobierno bonaerense abon\u00f3 el \u00faltimo mes sumas nacionales que la gesti\u00f3n de Javier Milei no gir\u00f3 a las provincias.<\/p>\n","protected":false},"author":2,"featured_media":108543,"comment_status":"closed","ping_status":"closed","sticky":false,"template":"","format":"standard","meta":{"_jetpack_memberships_contains_paid_content":false,"footnotes":""},"categories":[6,1],"tags":[],"class_list":["post-108542","post","type-post","status-publish","format-standard","has-post-thumbnail","hentry","category-nacionales","category-portada"],"jetpack_featured_media_url":"https:\/\/i0.wp.com\/cdnoticias.com\/wp-content\/uploads\/2024\/02\/Carlos-Bianco.jpg?fit=800%2C445&ssl=1","jetpack_sharing_enabled":true,"_links":{"self":[{"href":"https:\/\/cdnoticias.com\/index.php\/wp-json\/wp\/v2\/posts\/108542","targetHints":{"allow":["GET"]}}],"collection":[{"href":"https:\/\/cdnoticias.com\/index.php\/wp-json\/wp\/v2\/posts"}],"about":[{"href":"https:\/\/cdnoticias.com\/index.php\/wp-json\/wp\/v2\/types\/post"}],"author":[{"embeddable":true,"href":"https:\/\/cdnoticias.com\/index.php\/wp-json\/wp\/v2\/users\/2"}],"replies":[{"embeddable":true,"href":"https:\/\/cdnoticias.com\/index.php\/wp-json\/wp\/v2\/comments?post=108542"}],"version-history":[{"count":0,"href":"https:\/\/cdnoticias.com\/index.php\/wp-json\/wp\/v2\/posts\/108542\/revisions"}],"wp:featuredmedia":[{"embeddable":true,"href":"https:\/\/cdnoticias.com\/index.php\/wp-json\/wp\/v2\/media\/108543"}],"wp:attachment":[{"href":"https:\/\/cdnoticias.com\/index.php\/wp-json\/wp\/v2\/media?parent=108542"}],"wp:term":[{"taxonomy":"category","embeddable":true,"href":"https:\/\/cdnoticias.com\/index.php\/wp-json\/wp\/v2\/categories?post=108542"},{"taxonomy":"post_tag","embeddable":true,"href":"https:\/\/cdnoticias.com\/index.php\/wp-json\/wp\/v2\/tags?post=108542"}],"curies":[{"name":"wp","href":"https:\/\/api.w.org\/{rel}","templated":true}]}}