{"id":108532,"date":"2024-02-12T19:53:08","date_gmt":"2024-02-12T22:53:08","guid":{"rendered":"https:\/\/cdnoticias.com\/?p=108532"},"modified":"2024-02-12T19:53:10","modified_gmt":"2024-02-12T22:53:10","slug":"sigifredo-gangas-de-rot-fredy-q-e-p-d","status":"publish","type":"post","link":"https:\/\/cdnoticias.com\/index.php\/2024\/02\/12\/sigifredo-gangas-de-rot-fredy-q-e-p-d\/","title":{"rendered":"Sigifredo Gangas de Rot &#8220;Fredy&#8221; (Q.E.P.D.)"},"content":{"rendered":"\n<hr class=\"wp-block-separator aligncenter has-alpha-channel-opacity\"\/>\n\n\n\n<p>Falleci\u00f3 en Olavarr\u00eda el 12 de febrero de 2024 a los 84 a\u00f1os. Su esposa M\u00f3nica Del Carmen Reyes Malboa; sus hijos: Myriam y Marcelo; sus hijos pol\u00edticos: Osvaldo Godoy y Silvana B\u00f3rmida; sus nietos: Karen, Kiara, Kenay, kian, Jazm\u00edn, Tob\u00edas, Priscila y dem\u00e1s deudos participan su fallecimiento.<\/p>\n\n\n\n<p><\/p>\n\n\n\n<p>Sus restos ser\u00e1n velados en la Sala de Espa\u00f1a 2942 departamento &#8220;D&#8221; este martes de 09:00 a 11:00 horas y cremados en el Crematorio Pinos de Paz en d\u00eda y horario a confirmar. Servicio adherido a Coopelectric. <\/p>\n\n\n\n<p><\/p>\n\n\n\n<p>Nacido en Chile, vecino de barrio Isaura, jubilado. <\/p>\n","protected":false},"excerpt":{"rendered":"<p>Falleci\u00f3 en Olavarr\u00eda el 12 de febrero de 2024 a los 84 a\u00f1os. Su esposa M\u00f3nica Del Carmen Reyes Malboa;<\/p>\n","protected":false},"author":2,"featured_media":100390,"comment_status":"closed","ping_status":"closed","sticky":false,"template":"","format":"standard","meta":{"_jetpack_memberships_contains_paid_content":false,"footnotes":""},"categories":[10],"tags":[],"class_list":["post-108532","post","type-post","status-publish","format-standard","has-post-thumbnail","hentry","category-necrologicas"],"jetpack_featured_media_url":"https:\/\/i0.wp.com\/cdnoticias.com\/wp-content\/uploads\/2023\/10\/necrologicas-390-x-240.jpg?fit=390%2C240&ssl=1","jetpack_sharing_enabled":true,"_links":{"self":[{"href":"https:\/\/cdnoticias.com\/index.php\/wp-json\/wp\/v2\/posts\/108532","targetHints":{"allow":["GET"]}}],"collection":[{"href":"https:\/\/cdnoticias.com\/index.php\/wp-json\/wp\/v2\/posts"}],"about":[{"href":"https:\/\/cdnoticias.com\/index.php\/wp-json\/wp\/v2\/types\/post"}],"author":[{"embeddable":true,"href":"https:\/\/cdnoticias.com\/index.php\/wp-json\/wp\/v2\/users\/2"}],"replies":[{"embeddable":true,"href":"https:\/\/cdnoticias.com\/index.php\/wp-json\/wp\/v2\/comments?post=108532"}],"version-history":[{"count":0,"href":"https:\/\/cdnoticias.com\/index.php\/wp-json\/wp\/v2\/posts\/108532\/revisions"}],"wp:featuredmedia":[{"embeddable":true,"href":"https:\/\/cdnoticias.com\/index.php\/wp-json\/wp\/v2\/media\/100390"}],"wp:attachment":[{"href":"https:\/\/cdnoticias.com\/index.php\/wp-json\/wp\/v2\/media?parent=108532"}],"wp:term":[{"taxonomy":"category","embeddable":true,"href":"https:\/\/cdnoticias.com\/index.php\/wp-json\/wp\/v2\/categories?post=108532"},{"taxonomy":"post_tag","embeddable":true,"href":"https:\/\/cdnoticias.com\/index.php\/wp-json\/wp\/v2\/tags?post=108532"}],"curies":[{"name":"wp","href":"https:\/\/api.w.org\/{rel}","templated":true}]}}