{"id":108529,"date":"2024-02-12T19:21:15","date_gmt":"2024-02-12T22:21:15","guid":{"rendered":"https:\/\/cdnoticias.com\/?p=108529"},"modified":"2024-02-12T19:21:17","modified_gmt":"2024-02-12T22:21:17","slug":"monte-hermoso-buscan-a-un-joven-que-desaparecio-tras-meterse-al-mar","status":"publish","type":"post","link":"https:\/\/cdnoticias.com\/index.php\/2024\/02\/12\/monte-hermoso-buscan-a-un-joven-que-desaparecio-tras-meterse-al-mar\/","title":{"rendered":"Monte Hermoso: buscan a un joven que desapareci\u00f3 tras meterse al mar"},"content":{"rendered":"\n<p>Se trata de un bahiense de 21 a\u00f1os. Ingres\u00f3 al agua a las 6 de la ma\u00f1ana de este lunes.<\/p>\n\n\n\n<hr class=\"wp-block-separator aligncenter has-alpha-channel-opacity\"\/>\n\n\n\n<p>Un importante operativo se ha desplegado este lunes por las diferentes fuerzas de seguridad en Monte Hermoso para <strong>intentar hallar a un joven bahiense de 21 a\u00f1os que esta ma\u00f1ana ingres\u00f3 al mar y no pudo salir.<\/strong><\/p>\n\n\n\n<p>Se trata de <strong>un ba\u00f1ista identificado como Axel Malvar, un joven de 21 a\u00f1os, oriundo de la ciudad bonaerense de Bah\u00eda Blanca que se encontraba trabajando en dicha localidad balnearia y que se habr\u00eda adentrado al agua junto a un amigo<\/strong>, siendo \u00e9l quien fue arrastrado por la corriente, seg\u00fan inform\u00f3 La Br\u00edjula 24.<\/p>\n\n\n\n<p>Del operativo en la fecha participan personal de Defensa Civil, guardavidas, efectivos de la Polic\u00eda y bomberos de Bah\u00eda Blanca.<\/p>\n\n\n\n<p>El lugar donde se produjo el hecho <strong>qued\u00f3 reflejado por las c\u00e1maras de seguridad que se encuentran en la bajada del centro. <\/strong>Trascendi\u00f3 que en ese momento el oleaje estaba muy complicado, siendo fuera del horario de la presencia de los guardavidas.<\/p>\n\n\n\n<p><em><strong>\u201cSe arm\u00f3 un protocolo de b\u00fasqueda que se extiende hasta el Sauce, de manera tal de tener toda la zona cubierta. Tenemos que esperar a que baje la marea, la intensidad del viento ha disminuido, por lo que eso facilita nuestra labor\u201d<\/strong><\/em>, recalc\u00f3 en di\u00e1logo con dicha emisora radial Fernando Vera, titular del \u00e1rea de Seguridad de la ciudad tur\u00edstica.<\/p>\n\n\n\n<p><em>Con informaci\u00f3n de DIB<\/em><\/p>\n","protected":false},"excerpt":{"rendered":"<p>Se trata de un bahiense de 21 a\u00f1os. Ingres\u00f3 al agua a las 6 de la ma\u00f1ana de este lunes.<\/p>\n","protected":false},"author":2,"featured_media":108530,"comment_status":"closed","ping_status":"closed","sticky":false,"template":"","format":"standard","meta":{"_jetpack_memberships_contains_paid_content":false,"footnotes":""},"categories":[6,1],"tags":[],"class_list":["post-108529","post","type-post","status-publish","format-standard","has-post-thumbnail","hentry","category-nacionales","category-portada"],"jetpack_featured_media_url":"https:\/\/i0.wp.com\/cdnoticias.com\/wp-content\/uploads\/2024\/02\/monte.jpeg?fit=1032%2C581&ssl=1","jetpack_sharing_enabled":true,"_links":{"self":[{"href":"https:\/\/cdnoticias.com\/index.php\/wp-json\/wp\/v2\/posts\/108529","targetHints":{"allow":["GET"]}}],"collection":[{"href":"https:\/\/cdnoticias.com\/index.php\/wp-json\/wp\/v2\/posts"}],"about":[{"href":"https:\/\/cdnoticias.com\/index.php\/wp-json\/wp\/v2\/types\/post"}],"author":[{"embeddable":true,"href":"https:\/\/cdnoticias.com\/index.php\/wp-json\/wp\/v2\/users\/2"}],"replies":[{"embeddable":true,"href":"https:\/\/cdnoticias.com\/index.php\/wp-json\/wp\/v2\/comments?post=108529"}],"version-history":[{"count":0,"href":"https:\/\/cdnoticias.com\/index.php\/wp-json\/wp\/v2\/posts\/108529\/revisions"}],"wp:featuredmedia":[{"embeddable":true,"href":"https:\/\/cdnoticias.com\/index.php\/wp-json\/wp\/v2\/media\/108530"}],"wp:attachment":[{"href":"https:\/\/cdnoticias.com\/index.php\/wp-json\/wp\/v2\/media?parent=108529"}],"wp:term":[{"taxonomy":"category","embeddable":true,"href":"https:\/\/cdnoticias.com\/index.php\/wp-json\/wp\/v2\/categories?post=108529"},{"taxonomy":"post_tag","embeddable":true,"href":"https:\/\/cdnoticias.com\/index.php\/wp-json\/wp\/v2\/tags?post=108529"}],"curies":[{"name":"wp","href":"https:\/\/api.w.org\/{rel}","templated":true}]}}