{"id":108520,"date":"2024-02-12T17:20:02","date_gmt":"2024-02-12T20:20:02","guid":{"rendered":"https:\/\/cdnoticias.com\/?p=108520"},"modified":"2024-02-12T20:19:37","modified_gmt":"2024-02-12T23:19:37","slug":"quita-del-fondo-compensador-del-transporte-publico-la-uta-expreso-profunda-preocupacion","status":"publish","type":"post","link":"https:\/\/cdnoticias.com\/index.php\/2024\/02\/12\/quita-del-fondo-compensador-del-transporte-publico-la-uta-expreso-profunda-preocupacion\/","title":{"rendered":"Quita del Fondo Compensador del transporte p\u00fablico: la UTA expres\u00f3 \u201cprofunda preocupaci\u00f3n\u201d"},"content":{"rendered":"<p>\u201cLa suba de las tarifas debe encontrar equidad y proporcionalidad con los ingresos de los trabajadores y sectores m\u00e1s vulnerables\u201d advirti\u00f3 el sindicato.<\/p>\n<p><!--more--><\/p>\n<hr \/>\n<p>La <strong>UTA expres\u00f3 su \u201cprofunda preocupaci\u00f3n\u201d<\/strong> por la <strong>quita del Fondo Compensador del transporte p\u00fablico<\/strong>, <a href=\"https:\/\/cdnoticias.com\/index.php\/2024\/02\/08\/quita-de-subsidios-al-transporte-olavarria-entre-las-ciudades-que-tendrian-fuertes-subas\/\" target=\"_blank\" rel=\"noopener\">medida anunciada la semana pasada por el Gobierno Nacional<\/a>.<\/p>\n<p>El sindicato que agrupa a los choferes de colectivos <strong>alert\u00f3 por \u201clas posibles consecuencias\u201d y por el \u201cfuturo del transporte\u201d<\/strong> por los cambios en la pol\u00edtica de subsidios y tarifas del servicio p\u00fablico del autotransporte urbano de pasajeros. Apuntaron al <strong>costo del boleto<\/strong> y a que se mantengan los<strong> beneficios de la tarifa social<\/strong>.<\/p>\n<p>\u201cFrente a un <strong>escenario de quita de subsidios<\/strong> luego de varios a\u00f1os de su implementaci\u00f3n, no podemos sino manifestar nuestra <strong>profunda preocupaci\u00f3n por las posibles consecuencias<\/strong> que generar\u00e1 dicha medida sobre el desenvolvimiento de la actividad y su <strong>repercusi\u00f3n sobre la fuente de empleo de los m\u00e1s de 80.000 compa\u00f1eros trabajadores\u201d<\/strong> sostuvo la UTA en un comunicado.<\/p>\n<blockquote><p>Con ello agregaron que \u201cinstamos a las autoridades nacionales y provinciales a asegurar las condiciones que permitan la continuidad del servicio p\u00fablico en todo el pa\u00eds, advirtiendo que la suba de las tarifas debe encontrar equidad y proporcionalidad con los ingresos de los trabajadores y sectores m\u00e1s vulnerables que son los principales usuarios del transporte urbano de pasajeros. De no tenerse en cuenta esto, resultar\u00e1 insuficiente el sostenimiento del beneficio del Atributo Social, medida que compartimos y que confiamos no ser\u00e1 alterada o distorsionada por decisiones pol\u00edticas econ\u00f3micas\u201d.<\/p><\/blockquote>\n<p>\u201cEstamos convencidos que es con la <strong>participaci\u00f3n de todos los actores -Gobiernos, trabajadores y empresas- que se deben encontrar las soluciones a la crisis<\/strong> que envuelve al sector del transporte automotor de pasajeros, decisiones unilaterales o apresuradas solo conducir\u00e1n a una profundizaci\u00f3n de la misma\u201d sostuvo UTA en el comunicado que firm\u00f3 el secretario general, Roberto Carlos Fern\u00e1ndez, y el Consejo Directivo Nacional.<\/p>\n<blockquote class=\"wp-embedded-content\" data-secret=\"ljGUdb69Br\"><p><a href=\"https:\/\/cdnoticias.com\/index.php\/2024\/02\/08\/quita-de-subsidios-al-transporte-olavarria-entre-las-ciudades-que-tendrian-fuertes-subas\/\">Quita de subsidios al Transporte: Olavarr\u00eda, entre las ciudades que tendr\u00edan fuertes subas<\/a><\/p><\/blockquote>\n<p><iframe loading=\"lazy\" class=\"wp-embedded-content\" sandbox=\"allow-scripts\" security=\"restricted\" style=\"position: absolute; clip: rect(1px, 1px, 1px, 1px);\" title=\"&#8220;Quita de subsidios al Transporte: Olavarr\u00eda, entre las ciudades que tendr\u00edan fuertes subas&#8221; &#8212; Central de Noticias | Olavarr\u00eda\" src=\"https:\/\/cdnoticias.com\/index.php\/2024\/02\/08\/quita-de-subsidios-al-transporte-olavarria-entre-las-ciudades-que-tendrian-fuertes-subas\/embed\/#?secret=y76wpOFM8O#?secret=ljGUdb69Br\" data-secret=\"ljGUdb69Br\" width=\"600\" height=\"338\" frameborder=\"0\" marginwidth=\"0\" marginheight=\"0\" scrolling=\"no\"><\/iframe><\/p>\n","protected":false},"excerpt":{"rendered":"<p>\u201cLa suba de las tarifas debe encontrar equidad y proporcionalidad con los ingresos de los trabajadores y sectores m\u00e1s vulnerables\u201d<\/p>\n","protected":false},"author":4,"featured_media":57260,"comment_status":"closed","ping_status":"closed","sticky":false,"template":"","format":"standard","meta":{"_jetpack_memberships_contains_paid_content":false,"footnotes":""},"categories":[6,1],"tags":[],"class_list":["post-108520","post","type-post","status-publish","format-standard","has-post-thumbnail","hentry","category-nacionales","category-portada"],"jetpack_featured_media_url":"https:\/\/i0.wp.com\/cdnoticias.com\/wp-content\/uploads\/2022\/06\/terminal-colectivos-las-sierras-00.jpg?fit=800%2C445&ssl=1","jetpack_sharing_enabled":true,"_links":{"self":[{"href":"https:\/\/cdnoticias.com\/index.php\/wp-json\/wp\/v2\/posts\/108520","targetHints":{"allow":["GET"]}}],"collection":[{"href":"https:\/\/cdnoticias.com\/index.php\/wp-json\/wp\/v2\/posts"}],"about":[{"href":"https:\/\/cdnoticias.com\/index.php\/wp-json\/wp\/v2\/types\/post"}],"author":[{"embeddable":true,"href":"https:\/\/cdnoticias.com\/index.php\/wp-json\/wp\/v2\/users\/4"}],"replies":[{"embeddable":true,"href":"https:\/\/cdnoticias.com\/index.php\/wp-json\/wp\/v2\/comments?post=108520"}],"version-history":[{"count":0,"href":"https:\/\/cdnoticias.com\/index.php\/wp-json\/wp\/v2\/posts\/108520\/revisions"}],"wp:featuredmedia":[{"embeddable":true,"href":"https:\/\/cdnoticias.com\/index.php\/wp-json\/wp\/v2\/media\/57260"}],"wp:attachment":[{"href":"https:\/\/cdnoticias.com\/index.php\/wp-json\/wp\/v2\/media?parent=108520"}],"wp:term":[{"taxonomy":"category","embeddable":true,"href":"https:\/\/cdnoticias.com\/index.php\/wp-json\/wp\/v2\/categories?post=108520"},{"taxonomy":"post_tag","embeddable":true,"href":"https:\/\/cdnoticias.com\/index.php\/wp-json\/wp\/v2\/tags?post=108520"}],"curies":[{"name":"wp","href":"https:\/\/api.w.org\/{rel}","templated":true}]}}