{"id":108500,"date":"2024-02-12T11:34:37","date_gmt":"2024-02-12T14:34:37","guid":{"rendered":"https:\/\/cdnoticias.com\/?p=108500"},"modified":"2024-02-13T20:54:42","modified_gmt":"2024-02-13T23:54:42","slug":"concejales-de-union-por-la-patria-trabajan-por-la-memoria-colectiva-y-la-identidad","status":"publish","type":"post","link":"https:\/\/cdnoticias.com\/index.php\/2024\/02\/12\/concejales-de-union-por-la-patria-trabajan-por-la-memoria-colectiva-y-la-identidad\/","title":{"rendered":"Concejales de Uni\u00f3n por la Patria trabajan por \u201cla memoria colectiva y la identidad\u201d"},"content":{"rendered":"<p>Se reunieron con Carlos Speroni, referente del grupo \u201cPatrimonio Hist\u00f3rico de Olavarr\u00eda\u201d, con la directora municipal de Patrimonio, Dana Vergara, y el coordinador de Turismo, David Lema. Advirtieron que no rigen ordenanzas de protecci\u00f3n del patrimonio arquitect\u00f3nico.<\/p>\n<p><!--more--><\/p>\n<hr \/>\n<p>Los<strong> concejales de Uni\u00f3n por la Patria<\/strong> dieron a conocer que analizan elaborar un <strong>instrumento legislativo<\/strong> de <strong>protecci\u00f3n del patrimonio arquitect\u00f3nico y cultural de Olavarr\u00eda<\/strong>.<\/p>\n<p>&nbsp;<\/p>\n<p>Los miembros del bloque oficialista mantuvieron una reuni\u00f3n con <strong>Carlos Speroni, referente del grupo \u201cPatrimonio Hist\u00f3rico de Olavarr\u00eda\u201d<\/strong>, en la sede del Concejo Deliberante.<\/p>\n<p>&nbsp;<\/p>\n<p>Estuvieron los<em> concejales Agust\u00edn Romero, Bel\u00e9n Abraham, Hosanna Cazola, Patricia Pereyra, Telma Cazot y Hern\u00e1n Quiroga<\/em>.<\/p>\n<p>&nbsp;<\/p>\n<blockquote><p>\u201cDurante la jornada abordamos la importancia de volver a contar con una ordenanza de protecci\u00f3n del patrimonio arquitect\u00f3nico y cultural de nuestro partido ya que actualmente no hay ninguna normativa vigente\u201d se explic\u00f3.<\/p><\/blockquote>\n<p>&nbsp;<\/p>\n<p><img data-recalc-dims=\"1\" loading=\"lazy\" decoding=\"async\" class=\"size-full wp-image-108502 aligncenter\" src=\"https:\/\/i0.wp.com\/cdnoticias.com\/wp-content\/uploads\/2024\/02\/HCD-concejales-uxp-patrimonio-00.jpg?resize=800%2C445&#038;ssl=1\" alt=\"\" width=\"800\" height=\"445\" srcset=\"https:\/\/i0.wp.com\/cdnoticias.com\/wp-content\/uploads\/2024\/02\/HCD-concejales-uxp-patrimonio-00.jpg?w=800&amp;ssl=1 800w, https:\/\/i0.wp.com\/cdnoticias.com\/wp-content\/uploads\/2024\/02\/HCD-concejales-uxp-patrimonio-00.jpg?resize=300%2C167&amp;ssl=1 300w, https:\/\/i0.wp.com\/cdnoticias.com\/wp-content\/uploads\/2024\/02\/HCD-concejales-uxp-patrimonio-00.jpg?resize=768%2C427&amp;ssl=1 768w\" sizes=\"auto, (max-width: 800px) 100vw, 800px\" \/><\/p>\n<p>&nbsp;<\/p>\n<p>En ese sentido, los concejales adelantaron que<strong> \u201cvamos a trabajar con el objetivo de resguardar la memoria colectiva y la identidad de Olavarr\u00eda\u201d<\/strong>.<\/p>\n<p>&nbsp;<\/p>\n<p>Luego tambi\u00e9n se reunieron con la <strong>directora municipal de Patrimonio, Dana Vergara, y el coordinador de Turismo, David Lema<\/strong>.<\/p>\n<p>&nbsp;<\/p>\n<p>Reiteraron la intenci\u00f3n y se agreg\u00f3 que<strong> el Ejecutivo tambi\u00e9n colabora en el desarrollo de la propuesta<\/strong>. El objetivo es <strong>\u201ctener una nueva ordenanza de protecci\u00f3n del patrimonio arquitect\u00f3nico y cultural que resguarde la memoria colectiva y la identidad de Olavarr\u00eda\u201d<\/strong>.<\/p>\n<p>&nbsp;<\/p>\n","protected":false},"excerpt":{"rendered":"<p>Se reunieron con Carlos Speroni, referente del grupo \u201cPatrimonio Hist\u00f3rico de Olavarr\u00eda\u201d, con la directora municipal de Patrimonio, Dana Vergara,<\/p>\n","protected":false},"author":4,"featured_media":108501,"comment_status":"closed","ping_status":"closed","sticky":false,"template":"","format":"standard","meta":{"_jetpack_memberships_contains_paid_content":false,"footnotes":""},"categories":[4],"tags":[],"class_list":["post-108500","post","type-post","status-publish","format-standard","has-post-thumbnail","hentry","category-politica"],"jetpack_featured_media_url":"https:\/\/i0.wp.com\/cdnoticias.com\/wp-content\/uploads\/2024\/02\/HCD-concejales-uxp-patrimonio-01.jpg?fit=800%2C445&ssl=1","jetpack_sharing_enabled":true,"_links":{"self":[{"href":"https:\/\/cdnoticias.com\/index.php\/wp-json\/wp\/v2\/posts\/108500","targetHints":{"allow":["GET"]}}],"collection":[{"href":"https:\/\/cdnoticias.com\/index.php\/wp-json\/wp\/v2\/posts"}],"about":[{"href":"https:\/\/cdnoticias.com\/index.php\/wp-json\/wp\/v2\/types\/post"}],"author":[{"embeddable":true,"href":"https:\/\/cdnoticias.com\/index.php\/wp-json\/wp\/v2\/users\/4"}],"replies":[{"embeddable":true,"href":"https:\/\/cdnoticias.com\/index.php\/wp-json\/wp\/v2\/comments?post=108500"}],"version-history":[{"count":0,"href":"https:\/\/cdnoticias.com\/index.php\/wp-json\/wp\/v2\/posts\/108500\/revisions"}],"wp:featuredmedia":[{"embeddable":true,"href":"https:\/\/cdnoticias.com\/index.php\/wp-json\/wp\/v2\/media\/108501"}],"wp:attachment":[{"href":"https:\/\/cdnoticias.com\/index.php\/wp-json\/wp\/v2\/media?parent=108500"}],"wp:term":[{"taxonomy":"category","embeddable":true,"href":"https:\/\/cdnoticias.com\/index.php\/wp-json\/wp\/v2\/categories?post=108500"},{"taxonomy":"post_tag","embeddable":true,"href":"https:\/\/cdnoticias.com\/index.php\/wp-json\/wp\/v2\/tags?post=108500"}],"curies":[{"name":"wp","href":"https:\/\/api.w.org\/{rel}","templated":true}]}}