{"id":108496,"date":"2024-02-11T20:08:10","date_gmt":"2024-02-11T23:08:10","guid":{"rendered":"https:\/\/cdnoticias.com\/?p=108496"},"modified":"2024-02-13T20:54:21","modified_gmt":"2024-02-13T23:54:21","slug":"a-prepararse-otra-vez-anuncian-alerta-naranja-por-fuertes-tormentas-para-olavarria","status":"publish","type":"post","link":"https:\/\/cdnoticias.com\/index.php\/2024\/02\/11\/a-prepararse-otra-vez-anuncian-alerta-naranja-por-fuertes-tormentas-para-olavarria\/","title":{"rendered":"A prepararse: otra vez anuncian alerta naranja por \u201cfuertes tormentas\u201d para Olavarr\u00eda"},"content":{"rendered":"\n<p>As\u00ed lo confirm\u00f3 el Servicio Meteorol\u00f3gico Nacional. Ser\u00eda para la madrugada del lunes. Se mantiene la alerta amarilla para este lunes por la noche y la de fuertes vientos.<\/p>\n\n\n\n<hr class=\"wp-block-separator aligncenter has-alpha-channel-opacity\"\/>\n\n\n\n<p><strong>El Servicio Meteorol\u00f3gico Nacional anunci\u00f3, nuevamente, una alerta naranja por fuertes tormentas para Olavarr\u00eda. <\/strong>Tambi\u00e9n rige una alerta amarilla para la noche de este lunes, con una temperatura que se fue incrementando con el correr de las horas.<\/p>\n\n\n\n<p><strong>Tras un domingo caluroso y parcialmente nublado, la jornada ahora tendr\u00eda fuertes tormentas en la denominada \u201calerta amarilla\u201d.<\/strong><\/p>\n\n\n\n<p><em>\u201cEl \u00e1rea ser\u00e1 afectada por tormentas, algunas localmente fuertes. Las mismas podr\u00e1n estar acompa\u00f1adas por abundante ca\u00edda de agua en cortos per\u00edodos, fuerte actividad el\u00e9ctrica, ocasional ca\u00edda de granizo y r\u00e1fagas intensas. Se estiman valores de precipitaci\u00f3n acumulada entre 30 y 60 mm, pudiendo ser superados en forma puntual\u201d <\/em>expresaron desde el SMN.<\/p>\n\n\n\n<p><strong>Para la madrugada, en tanto, se prev\u00e9 una tormenta a\u00fan m\u00e1s fuerte<\/strong>: <em>\u201cEl \u00e1rea ser\u00e1 afectada por tormentas, algunas localmente fuertes o severas. Las mismas estar\u00e1n acompa\u00f1adas por ca\u00edda de granizo, fuerte actividad el\u00e9ctrica, r\u00e1fagas intensas y especialmente abundante ca\u00edda de agua en cortos per\u00edodos. se estiman valores de precipitaci\u00f3n acumulada entre 60 y 90 mm, pudiendo ser superados en forma puntual\u201d.<\/em><\/p>\n\n\n\n<figure class=\"wp-block-embed is-type-rich is-provider-twitter wp-block-embed-twitter\"><div class=\"wp-block-embed__wrapper\">\n<blockquote class=\"twitter-tweet\" data-width=\"550\" data-dnt=\"true\"><p lang=\"es\" dir=\"ltr\">Alertas por vientos y tormentas fuertes para ma\u00f1ana lunes en la provincia. \u00bfEst\u00e1s de paseo? Presta atenci\u00f3n al alerta en tu destino y cu\u00eddate! <a href=\"https:\/\/twitter.com\/SMN_Alertas?ref_src=twsrc%5Etfw\">@SMN_Alertas<\/a> <a href=\"https:\/\/twitter.com\/TurismoPBA?ref_src=twsrc%5Etfw\">@TurismoPBA<\/a> <a href=\"https:\/\/twitter.com\/BAProvincia?ref_src=twsrc%5Etfw\">@BAProvincia<\/a> <a href=\"https:\/\/t.co\/LVTC2JEglx\">pic.twitter.com\/LVTC2JEglx<\/a><\/p>&mdash; Defensa Civil PBA (@defensacivilba) <a href=\"https:\/\/twitter.com\/defensacivilba\/status\/1756815386580774975?ref_src=twsrc%5Etfw\">February 11, 2024<\/a><\/blockquote><script async src=\"https:\/\/platform.twitter.com\/widgets.js\" charset=\"utf-8\"><\/script>\n<\/div><\/figure>\n\n\n\n<p>Para la jornada del<strong> lunes, por otra parte, hay una alerta amarilla por vientos del sector sur que podr\u00edan alcanzar velocidades de entre 50 y 60km\/h con r\u00e1fagas que podr\u00edan superar los 70km\/h.<\/strong><\/p>\n\n\n\n<p>Tal como sucede en este tipo de anuncios, <strong>desde Defensa Civil se pidi\u00f3 tomar una serie de recomendaciones para evitar da\u00f1os mayores o inconvenientes:<\/strong><\/p>\n\n\n\n<p>&#8211;&nbsp;&nbsp;Permanecer dentro de construcciones cerradas (casas, edificios)<\/p>\n\n\n\n<p>&#8211;&nbsp;&nbsp;Mantenerse alejado de artefactos el\u00e9ctricos<\/p>\n\n\n\n<p>&#8211;&nbsp; Si estamos en un veh\u00edculo permanecer en su interior<\/p>\n\n\n\n<p>&#8211;&nbsp; Evitar circular por calles anegadas<\/p>\n\n\n\n<p>&#8211;&nbsp;&nbsp;Se recomienda cortar la energ\u00eda el\u00e9ctrica si ingresa agua en la vivienda<\/p>\n\n\n\n<p>&#8211;&nbsp;&nbsp;No sacar residuos en la v\u00eda p\u00fablica y evitar la presencia de elementos que impidan el drenaje (incluidos materiales de construcci\u00f3n)<\/p>\n\n\n\n<p>&#8211;&nbsp;&nbsp;Mantener la limpieza de canaletas de techo y desag\u00fces de patios internos<\/p>\n\n\n\n<p>&#8211; No acercarse ni tocar cables ca\u00eddos en la v\u00eda publica<\/p>\n\n\n\n<p>&#8211;&nbsp;Asegurar o retirar elementos que puedan caer de altura (ej. macetas o chapas)<\/p>\n\n\n\n<p>&#8211;&nbsp;Asegurar la provisi\u00f3n de recursos (agua, velas, alimentos)<\/p>\n\n\n\n<p>&#8211; Realizar carga de celulares<\/p>\n","protected":false},"excerpt":{"rendered":"<p>As\u00ed lo confirm\u00f3 el Servicio Meteorol\u00f3gico Nacional. Ser\u00eda para la madrugada del lunes. Se mantiene la alerta amarilla para este<\/p>\n","protected":false},"author":2,"featured_media":105055,"comment_status":"closed","ping_status":"closed","sticky":false,"template":"","format":"standard","meta":{"_jetpack_memberships_contains_paid_content":false,"footnotes":""},"categories":[5],"tags":[],"class_list":["post-108496","post","type-post","status-publish","format-standard","has-post-thumbnail","hentry","category-informacion-general"],"jetpack_featured_media_url":"https:\/\/i0.wp.com\/cdnoticias.com\/wp-content\/uploads\/2023\/12\/tormenta-olavarria.jpg?fit=1000%2C600&ssl=1","jetpack_sharing_enabled":true,"_links":{"self":[{"href":"https:\/\/cdnoticias.com\/index.php\/wp-json\/wp\/v2\/posts\/108496","targetHints":{"allow":["GET"]}}],"collection":[{"href":"https:\/\/cdnoticias.com\/index.php\/wp-json\/wp\/v2\/posts"}],"about":[{"href":"https:\/\/cdnoticias.com\/index.php\/wp-json\/wp\/v2\/types\/post"}],"author":[{"embeddable":true,"href":"https:\/\/cdnoticias.com\/index.php\/wp-json\/wp\/v2\/users\/2"}],"replies":[{"embeddable":true,"href":"https:\/\/cdnoticias.com\/index.php\/wp-json\/wp\/v2\/comments?post=108496"}],"version-history":[{"count":0,"href":"https:\/\/cdnoticias.com\/index.php\/wp-json\/wp\/v2\/posts\/108496\/revisions"}],"wp:featuredmedia":[{"embeddable":true,"href":"https:\/\/cdnoticias.com\/index.php\/wp-json\/wp\/v2\/media\/105055"}],"wp:attachment":[{"href":"https:\/\/cdnoticias.com\/index.php\/wp-json\/wp\/v2\/media?parent=108496"}],"wp:term":[{"taxonomy":"category","embeddable":true,"href":"https:\/\/cdnoticias.com\/index.php\/wp-json\/wp\/v2\/categories?post=108496"},{"taxonomy":"post_tag","embeddable":true,"href":"https:\/\/cdnoticias.com\/index.php\/wp-json\/wp\/v2\/tags?post=108496"}],"curies":[{"name":"wp","href":"https:\/\/api.w.org\/{rel}","templated":true}]}}