{"id":108484,"date":"2024-02-12T15:04:20","date_gmt":"2024-02-12T18:04:20","guid":{"rendered":"https:\/\/cdnoticias.com\/?p=108484"},"modified":"2024-02-12T15:04:23","modified_gmt":"2024-02-12T18:04:23","slug":"la-sociedad-rural-de-azul-fue-a-la-justicia-contra-la-suba-de-tasas","status":"publish","type":"post","link":"https:\/\/cdnoticias.com\/index.php\/2024\/02\/12\/la-sociedad-rural-de-azul-fue-a-la-justicia-contra-la-suba-de-tasas\/","title":{"rendered":"La Sociedad Rural de Azul fue a la Justicia contra la suba de tasas"},"content":{"rendered":"<p>Con el mandato de 190 socios, la entidad litigar\u00e1 contra el Municipio en relaci\u00f3n a la nueva &#8220;Tasa por Servicios Esenciales&#8221;. &#8220;En defensa de los azule\u00f1os, en contra de nadie&#8221; declar\u00f3 la SRA.<\/p>\n<p><!--more--><\/p>\n<hr \/>\n<p><strong>La Sociedad Rural de Azul<\/strong> inform\u00f3 que d\u00edas pasados <strong>se present\u00f3 ante la Justicia<\/strong> una demanda en la que la entidad, con <strong>el mandato de 190 socios,<\/strong> litigar\u00e1 <strong>contra el Municipio<\/strong> en relaci\u00f3n al nuevo impuesto que se intenta aplicar a toda la poblaci\u00f3n, bajo la gen\u00e9rica y difusa denominaci\u00f3n de <strong>&#8220;Tasa por Servicios Esenciales&#8221;<\/strong>. En la misma, se destac\u00f3 que, <em>est\u00e1n representadas un 30% de la totalidad de las hect\u00e1reas rurales del Partido<\/em>.<\/p>\n<p>Luego de un arduo trabajo gremial contra reloj, el pasado jueves la Sociedad Rural de Azul <strong>present\u00f3 ante la justicia una demanda colectiva<\/strong> contra la Municipalidad de Azul por el nuevo tributo que esta \u00faltima <a href=\"https:\/\/cdnoticias.com\/index.php\/2023\/11\/21\/acompanar-y-prevenir-el-apoyo-de-la-sociedad-rural-de-olavarria-a-sus-pares-de-azul\/\" target=\"_blank\" rel=\"noopener\">pretende imponer pese a las advertencias sobre su ilegalidad<\/a>.<\/p>\n<blockquote><p>&#8220;En mayor o menor medida, la arbitrariedad afecta a la totalidad de los ciudadanos. Hubi\u00e9ramos preferido ser escuchados, pero -ante la inflexibilidad- no qued\u00f3 otra que accionar judicialmente, en defensa de los azule\u00f1os, en contra de nadie&#8221;, indicaron desde la entidad.<\/p><\/blockquote>\n<p>La medida, <strong>patrocinada por los estudios jur\u00eddicos Comparato-Velez y Bomchil<\/strong>, implic\u00f3, entre otras cuestiones, reuniones informativas, centenares de contactos telef\u00f3nicos con productores, y recopilaci\u00f3n y ordenamiento de la documentaci\u00f3n necesaria.<\/p>\n<p>De acuerdo a lo informado, <strong>la demanda fue avalada por el mandato de 190 socios<\/strong>, que representan un total de 190.975,80 hect\u00e1reas, ni m\u00e1s ni menos que un 29,2 % de la superficie rural de nuestro distrito.<\/p>\n<blockquote>\n<p style=\"text-align: left;\">Esa cifra, por dem\u00e1s elocuente, cobra mayor relevancia si se considera que se trata de lo acumulado s\u00f3lo por una de las varias demandas similares presentadas por el mismo tema. Es de p\u00fablico conocimiento que otro importante n\u00famero de productores y comerciantes emprendieron acciones por intermedio de los doctores Moroni y Merbilhaa. A eso deben tambi\u00e9n sumarse aquellos que decidieron optar por litigios particulares.<\/p>\n<\/blockquote>\n<p>Como sea, queda en evidencia el <strong>malestar generalizado<\/strong> ante una &#8220;medida ilegal e inconsulta&#8221;, que se espera pueda corregir la justicia.<\/p>\n<p>Fuente: Diario El Tiempo<\/p>\n","protected":false},"excerpt":{"rendered":"<p>Con el mandato de 190 socios, la entidad litigar\u00e1 contra el Municipio en relaci\u00f3n a la nueva &#8220;Tasa por Servicios<\/p>\n","protected":false},"author":4,"featured_media":60068,"comment_status":"closed","ping_status":"closed","sticky":false,"template":"","format":"standard","meta":{"_jetpack_memberships_contains_paid_content":false,"footnotes":""},"categories":[6,1],"tags":[],"class_list":["post-108484","post","type-post","status-publish","format-standard","has-post-thumbnail","hentry","category-nacionales","category-portada"],"jetpack_featured_media_url":"https:\/\/i0.wp.com\/cdnoticias.com\/wp-content\/uploads\/2022\/07\/sociedad-rural-manifestacion-carbap-ruta-3-7.jpg?fit=1080%2C610&ssl=1","jetpack_sharing_enabled":true,"_links":{"self":[{"href":"https:\/\/cdnoticias.com\/index.php\/wp-json\/wp\/v2\/posts\/108484","targetHints":{"allow":["GET"]}}],"collection":[{"href":"https:\/\/cdnoticias.com\/index.php\/wp-json\/wp\/v2\/posts"}],"about":[{"href":"https:\/\/cdnoticias.com\/index.php\/wp-json\/wp\/v2\/types\/post"}],"author":[{"embeddable":true,"href":"https:\/\/cdnoticias.com\/index.php\/wp-json\/wp\/v2\/users\/4"}],"replies":[{"embeddable":true,"href":"https:\/\/cdnoticias.com\/index.php\/wp-json\/wp\/v2\/comments?post=108484"}],"version-history":[{"count":0,"href":"https:\/\/cdnoticias.com\/index.php\/wp-json\/wp\/v2\/posts\/108484\/revisions"}],"wp:featuredmedia":[{"embeddable":true,"href":"https:\/\/cdnoticias.com\/index.php\/wp-json\/wp\/v2\/media\/60068"}],"wp:attachment":[{"href":"https:\/\/cdnoticias.com\/index.php\/wp-json\/wp\/v2\/media?parent=108484"}],"wp:term":[{"taxonomy":"category","embeddable":true,"href":"https:\/\/cdnoticias.com\/index.php\/wp-json\/wp\/v2\/categories?post=108484"},{"taxonomy":"post_tag","embeddable":true,"href":"https:\/\/cdnoticias.com\/index.php\/wp-json\/wp\/v2\/tags?post=108484"}],"curies":[{"name":"wp","href":"https:\/\/api.w.org\/{rel}","templated":true}]}}