{"id":10842,"date":"2021-01-07T15:47:12","date_gmt":"2021-01-07T18:47:12","guid":{"rendered":"http:\/\/www.centraldenoticias.com.ar\/?p=10842"},"modified":"2021-01-07T15:47:12","modified_gmt":"2021-01-07T18:47:12","slug":"el-jefe-del-servicio-penitenciario-recorrio-las-carceles-de-sierra-chica","status":"publish","type":"post","link":"https:\/\/cdnoticias.com\/index.php\/2021\/01\/07\/el-jefe-del-servicio-penitenciario-recorrio-las-carceles-de-sierra-chica\/","title":{"rendered":"El Jefe del Servicio Penitenciario recorri\u00f3 las c\u00e1rceles de Sierra Chica"},"content":{"rendered":"<p>Imparti\u00f3 directivas, recorri\u00f3 obras e inclusive fue parte de un conversatorio con personas trans privadas de la libertad.<!--more--><\/p>\n<hr \/>\n<p>En las \u00faltimas horas lleg\u00f3 a Olavarr\u00eda, m\u00e1s precisamente a Sierra Chica, el jefe del Servicio Penitenciario Bonaerense, <strong>Xavier Areses. En su visita, seg\u00fan se a\u00f1adi\u00f3, recorri\u00f3 las Unidades 2, 27 y 38, todas dependientes del Complejo Centro Zona Sur, con sede tambi\u00e9n en la localidad.<\/strong><\/p>\n<p>&nbsp;<\/p>\n<p>\u201cEl objetivo de la visita fue encontrarse con directivos y personal para reafirmar los lineamientos de trabajo que impone el Covid\u201d, se narr\u00f3 por v\u00edas oficiales a la par que se daba cuenta que en el mismo marco se reconoci\u00f3 al personal y <strong>se inspeccionaron obras y actividades que se llevan adelante en cada una de las sedes carcelarias.<\/strong><\/p>\n<p>&nbsp;<\/p>\n<p><img data-recalc-dims=\"1\" loading=\"lazy\" decoding=\"async\" class=\"alignnone size-large wp-image-10846\" src=\"https:\/\/i0.wp.com\/cdnoticias.com\/wp-content\/uploads\/2021\/01\/CCZS-Visita-de-Areses-Enero-2020-U27-1.jpeg?resize=800%2C501&#038;ssl=1\" alt=\"\" width=\"800\" height=\"501\" srcset=\"https:\/\/i0.wp.com\/cdnoticias.com\/wp-content\/uploads\/2021\/01\/CCZS-Visita-de-Areses-Enero-2020-U27-1.jpeg?resize=1024%2C641&amp;ssl=1 1024w, https:\/\/i0.wp.com\/cdnoticias.com\/wp-content\/uploads\/2021\/01\/CCZS-Visita-de-Areses-Enero-2020-U27-1.jpeg?resize=300%2C188&amp;ssl=1 300w, https:\/\/i0.wp.com\/cdnoticias.com\/wp-content\/uploads\/2021\/01\/CCZS-Visita-de-Areses-Enero-2020-U27-1.jpeg?resize=768%2C481&amp;ssl=1 768w, https:\/\/i0.wp.com\/cdnoticias.com\/wp-content\/uploads\/2021\/01\/CCZS-Visita-de-Areses-Enero-2020-U27-1.jpeg?w=1280&amp;ssl=1 1280w\" sizes=\"auto, (max-width: 800px) 100vw, 800px\" \/><\/p>\n<p>&nbsp;<\/p>\n<p>En la Unidad N\u00ba 27 fue recibido por el jefe del Complejo, el Inspector Mayor Dar\u00edo Castagnino y el Secretario de Coordinaci\u00f3n, Inspector Mayor Abel Ram\u00edrez. Se a\u00f1adi\u00f3 que <strong>\u201cen cada uno de los encuentros con los agentes de las tres dependencias el agradecimiento fue el eje de las palabras del funcionario, destacando la necesidad de reconocer y valorar el esfuerzo del personal como parte de la franja de esenciales en la sociedad y el avance del di\u00e1logo para la resoluci\u00f3n de conflictos\u201d<\/strong>.<\/p>\n<p>&nbsp;<\/p>\n<p>En la Unidad N\u00b0 38 la recorrida tuvo el acento en el hospital modular que est\u00e1 en su etapa final de equipamiento, mientras que en la Unidad 2 fue parte de la <strong>primera reuni\u00f3n presencial del conversatorio que la ONG Justicia Restaurativa Argentina mantuvo con las personas trans privadas de libertad.<\/strong><\/p>\n<p>&nbsp;<\/p>\n<p><img data-recalc-dims=\"1\" loading=\"lazy\" decoding=\"async\" class=\"alignnone size-large wp-image-10844\" src=\"https:\/\/i0.wp.com\/cdnoticias.com\/wp-content\/uploads\/2021\/01\/CCZS-Visita-de-Areses-Enero-2020-U2-ONG5.jpeg?resize=800%2C600&#038;ssl=1\" alt=\"\" width=\"800\" height=\"600\" srcset=\"https:\/\/i0.wp.com\/cdnoticias.com\/wp-content\/uploads\/2021\/01\/CCZS-Visita-de-Areses-Enero-2020-U2-ONG5.jpeg?resize=1024%2C768&amp;ssl=1 1024w, https:\/\/i0.wp.com\/cdnoticias.com\/wp-content\/uploads\/2021\/01\/CCZS-Visita-de-Areses-Enero-2020-U2-ONG5.jpeg?resize=300%2C225&amp;ssl=1 300w, https:\/\/i0.wp.com\/cdnoticias.com\/wp-content\/uploads\/2021\/01\/CCZS-Visita-de-Areses-Enero-2020-U2-ONG5.jpeg?resize=768%2C576&amp;ssl=1 768w, https:\/\/i0.wp.com\/cdnoticias.com\/wp-content\/uploads\/2021\/01\/CCZS-Visita-de-Areses-Enero-2020-U2-ONG5.jpeg?w=1280&amp;ssl=1 1280w\" sizes=\"auto, (max-width: 800px) 100vw, 800px\" \/><\/p>\n<p>&nbsp;<\/p>\n<p>El coordinador de la ONG, el doctor Andr\u00e9s L\u00f3pez -quien es adem\u00e1s Defensor Oficial del Juzgado de San Mart\u00edn- junto a Mar\u00eda de los \u00c1ngeles Gonz\u00e1lez Nuevo, subdirectora de Pol\u00edticas de G\u00e9nero del SPB, <strong>lo invitaron a participar de la jornada junto a los voluntarios que llegaron hasta Sierra Chica para conocerse personalmente con las internas con las que llevan adelante un conversatorio quincenal desde el mes de abril del a\u00f1o pasado.<\/strong><\/p>\n<p>&nbsp;<\/p>\n<p>Al aire libre y en un semi c\u00edrculo, los voluntarios y las internas e internos del pabell\u00f3n de diversidad sexual tuvieron la oportunidad de intercambiar ideas y despejar dudas frente a los funcionarios. Irene Pizarro es voluntaria y\u00a0 acerca del trabajo de la ONG explic\u00f3 que<strong> \u201csomos un grupo de gente que recorre las c\u00e1rceles haciendo talleres restaurativos. Este a\u00f1o, por la pandemia, no pudimos hacerlos presenciales, pero lo positivo de la virtualidad es que nos permiti\u00f3 llegar a lugares m\u00e1s alejados a los que antes no acced\u00edamos<\/strong>. Por medios virtuales pudimos acceder a las chicas que est\u00e1n alojadas ac\u00e1 y desde abril nos encontramos en conversatorios que est\u00e1n destinados a la poblaci\u00f3n trans. El grupo est\u00e1 integrado por Paola Barrientos que es actriz, Cecilia Bertolotti que es directora de un jard\u00edn de infantes y Alejandra Flechner, que tambi\u00e9n es actriz y hoy no pudo venir porque estrenaba una obra. Hoy vinimos a hacer por primera vez el taller de manera presencial y trajimos regalos para agasajarlas\u201d, coment\u00f3.<\/p>\n","protected":false},"excerpt":{"rendered":"<p>Imparti\u00f3 directivas, recorri\u00f3 obras e inclusive fue parte de un conversatorio con personas trans privadas de la libertad.<\/p>\n","protected":false},"author":3,"featured_media":10848,"comment_status":"closed","ping_status":"closed","sticky":false,"template":"","format":"standard","meta":{"_jetpack_memberships_contains_paid_content":false,"footnotes":""},"categories":[5],"tags":[],"class_list":["post-10842","post","type-post","status-publish","format-standard","has-post-thumbnail","hentry","category-informacion-general"],"jetpack_featured_media_url":"https:\/\/i0.wp.com\/cdnoticias.com\/wp-content\/uploads\/2021\/01\/CCZS-Visita-de-Areses-Enero-2020-U38-Hospital7.jpeg?fit=1024%2C768&ssl=1","jetpack_sharing_enabled":true,"_links":{"self":[{"href":"https:\/\/cdnoticias.com\/index.php\/wp-json\/wp\/v2\/posts\/10842","targetHints":{"allow":["GET"]}}],"collection":[{"href":"https:\/\/cdnoticias.com\/index.php\/wp-json\/wp\/v2\/posts"}],"about":[{"href":"https:\/\/cdnoticias.com\/index.php\/wp-json\/wp\/v2\/types\/post"}],"author":[{"embeddable":true,"href":"https:\/\/cdnoticias.com\/index.php\/wp-json\/wp\/v2\/users\/3"}],"replies":[{"embeddable":true,"href":"https:\/\/cdnoticias.com\/index.php\/wp-json\/wp\/v2\/comments?post=10842"}],"version-history":[{"count":0,"href":"https:\/\/cdnoticias.com\/index.php\/wp-json\/wp\/v2\/posts\/10842\/revisions"}],"wp:featuredmedia":[{"embeddable":true,"href":"https:\/\/cdnoticias.com\/index.php\/wp-json\/wp\/v2\/media\/10848"}],"wp:attachment":[{"href":"https:\/\/cdnoticias.com\/index.php\/wp-json\/wp\/v2\/media?parent=10842"}],"wp:term":[{"taxonomy":"category","embeddable":true,"href":"https:\/\/cdnoticias.com\/index.php\/wp-json\/wp\/v2\/categories?post=10842"},{"taxonomy":"post_tag","embeddable":true,"href":"https:\/\/cdnoticias.com\/index.php\/wp-json\/wp\/v2\/tags?post=10842"}],"curies":[{"name":"wp","href":"https:\/\/api.w.org\/{rel}","templated":true}]}}