{"id":108410,"date":"2024-02-10T11:23:24","date_gmt":"2024-02-10T14:23:24","guid":{"rendered":"https:\/\/cdnoticias.com\/?p=108410"},"modified":"2024-02-10T18:20:26","modified_gmt":"2024-02-10T21:20:26","slug":"sin-alertas-se-mantiene-el-pronostico-de-lluvia-para-este-sabado","status":"publish","type":"post","link":"https:\/\/cdnoticias.com\/index.php\/2024\/02\/10\/sin-alertas-se-mantiene-el-pronostico-de-lluvia-para-este-sabado\/","title":{"rendered":"Sin alertas, se mantiene el pron\u00f3stico de lluvia para este s\u00e1bado"},"content":{"rendered":"<p>Tras la actualizaci\u00f3n desde el Servicio Meteorol\u00f3gico Nacional, Olavarr\u00eda sali\u00f3 de los mapas de alertas por tormentas para el s\u00e1bado y el domingo. Se espera que sigan las lluvias el s\u00e1bado. Desde el lunes cayeron 141 mil\u00edmetros.<\/p>\n<p><!--more--><\/p>\n<hr \/>\n<p>El <strong>Servicio Meteorol\u00f3gico Nacional<\/strong> actualiz\u00f3 la informaci\u00f3n de alertas y pron\u00f3sticos del tiempo y con ello <strong>Olavarr\u00eda ya no se encuentra incluida en las advertencias por tormentas emitidas para este s\u00e1bado y domingo<\/strong>.<\/p>\n<p>No obstante, <strong>se mantiene el pron\u00f3stico de lluvia para la ma\u00f1ana y tarde del s\u00e1bado<\/strong>. Para el domingo se prev\u00e9 baja probabilidad de tormentas aisladas para la noche. A partir del lunes y hasta el viernes no se esperan precipitaciones para este sector de la provincia de Buenos Aires.<\/p>\n<p><img data-recalc-dims=\"1\" loading=\"lazy\" decoding=\"async\" class=\"size-full wp-image-108411 aligncenter\" src=\"https:\/\/i0.wp.com\/cdnoticias.com\/wp-content\/uploads\/2024\/02\/SMN-pronostico-febrero-00.jpg?resize=800%2C249&#038;ssl=1\" alt=\"\" width=\"800\" height=\"249\" srcset=\"https:\/\/i0.wp.com\/cdnoticias.com\/wp-content\/uploads\/2024\/02\/SMN-pronostico-febrero-00.jpg?w=1000&amp;ssl=1 1000w, https:\/\/i0.wp.com\/cdnoticias.com\/wp-content\/uploads\/2024\/02\/SMN-pronostico-febrero-00.jpg?resize=300%2C93&amp;ssl=1 300w, https:\/\/i0.wp.com\/cdnoticias.com\/wp-content\/uploads\/2024\/02\/SMN-pronostico-febrero-00.jpg?resize=768%2C239&amp;ssl=1 768w\" sizes=\"auto, (max-width: 800px) 100vw, 800px\" \/><\/p>\n<blockquote><p>El registro de lluvias que inform\u00f3 la Estaci\u00f3n Meteorol\u00f3gica ubicada en el Aer\u00f3dromo en Olavarr\u00eda inform\u00f3 que entre las 21 del viernes y las 9 del s\u00e1bado la marca de agua ca\u00edda lleg\u00f3 a 9,5 mil\u00edmetros, lo que signific\u00f3 un total de 141,1 mil\u00edmetros el registro desde el lunes 5 de febrero hasta este s\u00e1bado.<\/p><\/blockquote>\n","protected":false},"excerpt":{"rendered":"<p>Tras la actualizaci\u00f3n desde el Servicio Meteorol\u00f3gico Nacional, Olavarr\u00eda sali\u00f3 de los mapas de alertas por tormentas para el s\u00e1bado<\/p>\n","protected":false},"author":4,"featured_media":108168,"comment_status":"closed","ping_status":"closed","sticky":false,"template":"","format":"standard","meta":{"_jetpack_memberships_contains_paid_content":false,"footnotes":""},"categories":[5,1],"tags":[],"class_list":["post-108410","post","type-post","status-publish","format-standard","has-post-thumbnail","hentry","category-informacion-general","category-portada"],"jetpack_featured_media_url":"https:\/\/i0.wp.com\/cdnoticias.com\/wp-content\/uploads\/2024\/02\/lluvia-tiempo-clima-02.jpg?fit=800%2C445&ssl=1","jetpack_sharing_enabled":true,"_links":{"self":[{"href":"https:\/\/cdnoticias.com\/index.php\/wp-json\/wp\/v2\/posts\/108410","targetHints":{"allow":["GET"]}}],"collection":[{"href":"https:\/\/cdnoticias.com\/index.php\/wp-json\/wp\/v2\/posts"}],"about":[{"href":"https:\/\/cdnoticias.com\/index.php\/wp-json\/wp\/v2\/types\/post"}],"author":[{"embeddable":true,"href":"https:\/\/cdnoticias.com\/index.php\/wp-json\/wp\/v2\/users\/4"}],"replies":[{"embeddable":true,"href":"https:\/\/cdnoticias.com\/index.php\/wp-json\/wp\/v2\/comments?post=108410"}],"version-history":[{"count":0,"href":"https:\/\/cdnoticias.com\/index.php\/wp-json\/wp\/v2\/posts\/108410\/revisions"}],"wp:featuredmedia":[{"embeddable":true,"href":"https:\/\/cdnoticias.com\/index.php\/wp-json\/wp\/v2\/media\/108168"}],"wp:attachment":[{"href":"https:\/\/cdnoticias.com\/index.php\/wp-json\/wp\/v2\/media?parent=108410"}],"wp:term":[{"taxonomy":"category","embeddable":true,"href":"https:\/\/cdnoticias.com\/index.php\/wp-json\/wp\/v2\/categories?post=108410"},{"taxonomy":"post_tag","embeddable":true,"href":"https:\/\/cdnoticias.com\/index.php\/wp-json\/wp\/v2\/tags?post=108410"}],"curies":[{"name":"wp","href":"https:\/\/api.w.org\/{rel}","templated":true}]}}