{"id":108384,"date":"2024-02-09T17:35:01","date_gmt":"2024-02-09T20:35:01","guid":{"rendered":"https:\/\/cdnoticias.com\/?p=108384"},"modified":"2024-02-09T20:22:17","modified_gmt":"2024-02-09T23:22:17","slug":"estaba-agresivo-intervino-la-policia-y-les-quiso-pegar-termino-preso","status":"publish","type":"post","link":"https:\/\/cdnoticias.com\/index.php\/2024\/02\/09\/estaba-agresivo-intervino-la-policia-y-les-quiso-pegar-termino-preso\/","title":{"rendered":"Estaba agresivo, intervino la polic\u00eda y les quiso pegar: termin\u00f3 preso"},"content":{"rendered":"\n<p>El hecho se produjo en Loma Negra. Fue trasladado por Atentado y Resistencia a la autoridad.<\/p>\n\n\n\n<hr class=\"wp-block-separator aligncenter has-alpha-channel-opacity\"\/>\n\n\n\n<p>Este \u00faltimo jueves,<strong> personal de la Subcomisar\u00eda de Loma Negra aprehendi\u00f3 a un hombre de 37 a\u00f1os luego de causar disturbios y, ante la presencia de los efectivos, intentar agredirlos.<\/strong><\/p>\n\n\n\n<p>El hecho se produjo en<strong> C\u00f3rdoba al 1600, en la localidad serrana<\/strong>. All\u00ed, tras un aviso a la dependencia, dieron cuenta de que un hombre se encontraba agresivo en el lugar.<\/p>\n\n\n\n<p>Tras la intervenci\u00f3n de personal, <strong>el hombre intent\u00f3 agredirlos tambi\u00e9n y lograron apresarlo.<\/strong><\/p>\n\n\n\n<p>Fue trasladado a la Subcomisar\u00eda donde <strong>qued\u00f3 a disposici\u00f3n del doctor Miguel Pi\u00f1eiro, de la UFI N\u00b010, donde se encuentra imputado por Atentado y Resistencia a la autoridad.<\/strong><\/p>\n","protected":false},"excerpt":{"rendered":"<p>El hecho se produjo en Loma Negra. Fue trasladado por Atentado y Resistencia a la autoridad. Este \u00faltimo jueves, personal<\/p>\n","protected":false},"author":2,"featured_media":108385,"comment_status":"closed","ping_status":"closed","sticky":false,"template":"","format":"standard","meta":{"_jetpack_memberships_contains_paid_content":false,"footnotes":""},"categories":[14,1],"tags":[],"class_list":["post-108384","post","type-post","status-publish","format-standard","has-post-thumbnail","hentry","category-policiales","category-portada"],"jetpack_featured_media_url":"https:\/\/i0.wp.com\/cdnoticias.com\/wp-content\/uploads\/2024\/02\/WhatsApp-Image-2024-02-09-at-15.15.01.jpeg?fit=720%2C464&ssl=1","jetpack_sharing_enabled":true,"_links":{"self":[{"href":"https:\/\/cdnoticias.com\/index.php\/wp-json\/wp\/v2\/posts\/108384","targetHints":{"allow":["GET"]}}],"collection":[{"href":"https:\/\/cdnoticias.com\/index.php\/wp-json\/wp\/v2\/posts"}],"about":[{"href":"https:\/\/cdnoticias.com\/index.php\/wp-json\/wp\/v2\/types\/post"}],"author":[{"embeddable":true,"href":"https:\/\/cdnoticias.com\/index.php\/wp-json\/wp\/v2\/users\/2"}],"replies":[{"embeddable":true,"href":"https:\/\/cdnoticias.com\/index.php\/wp-json\/wp\/v2\/comments?post=108384"}],"version-history":[{"count":0,"href":"https:\/\/cdnoticias.com\/index.php\/wp-json\/wp\/v2\/posts\/108384\/revisions"}],"wp:featuredmedia":[{"embeddable":true,"href":"https:\/\/cdnoticias.com\/index.php\/wp-json\/wp\/v2\/media\/108385"}],"wp:attachment":[{"href":"https:\/\/cdnoticias.com\/index.php\/wp-json\/wp\/v2\/media?parent=108384"}],"wp:term":[{"taxonomy":"category","embeddable":true,"href":"https:\/\/cdnoticias.com\/index.php\/wp-json\/wp\/v2\/categories?post=108384"},{"taxonomy":"post_tag","embeddable":true,"href":"https:\/\/cdnoticias.com\/index.php\/wp-json\/wp\/v2\/tags?post=108384"}],"curies":[{"name":"wp","href":"https:\/\/api.w.org\/{rel}","templated":true}]}}