{"id":108373,"date":"2024-02-09T12:16:34","date_gmt":"2024-02-09T15:16:34","guid":{"rendered":"https:\/\/cdnoticias.com\/?p=108373"},"modified":"2024-02-09T17:35:16","modified_gmt":"2024-02-09T20:35:16","slug":"cuales-son-los-medicamentos-que-mas-cayeron-en-ventas","status":"publish","type":"post","link":"https:\/\/cdnoticias.com\/index.php\/2024\/02\/09\/cuales-son-los-medicamentos-que-mas-cayeron-en-ventas\/","title":{"rendered":"\u00bfCu\u00e1les son los medicamentos que m\u00e1s cayeron en ventas?"},"content":{"rendered":"<p>El recorte fue de 30% en el caso de venta libre y 8% en recetados. Se incluyen tratamientos cr\u00f3nicos para el sistema nervioso y el cardiovascular, entre otros.<!--more--><\/p>\n<hr \/>\n<p>Las ventas de medicamentos <strong>cayeron entre noviembre y enero en torno al 30% en el caso de los de venta libre y un 8% en los recetados<\/strong>, entre los cuales se anotan los que se usan en <strong>tratamientos cr\u00f3nicos para el sistema nervioso, el cardiovascular, lo que tiene que ver con glaucoma, control de colesterol y pre-diabetes y tratamiento de pr\u00f3stata.<\/strong><\/p>\n<p>Existen varios estudios y estad\u00edsticas sobre la sorprendente tendencia a la <a href=\"https:\/\/cdnoticias.com\/index.php\/2024\/02\/04\/las-ventas-minoristas-pyme-cayeron-285-anual-en-enero\/\" target=\"_blank\" rel=\"noopener\">baja de la venta de los medicamentos, junto con la de la comida<\/a>, uno de los aspectos m\u00e1s dram\u00e1ticos de la ca\u00edda del consumo generalizado que se da luego de la devaluaci\u00f3n del 118% de diciembre y su posterior traslado a precios, un proceso no compensado por incrementos salariales.<\/p>\n<p>Uno de los datos m\u00e1s citados por estas horas es del CEPROFAR, el Centro de Profesionales Farmac\u00e9uticos Argentinos: el 8% de la baja en la venta de los remedios recetados. A simple vista el dato puede no parecer tan grave, pero<strong> trat\u00e1ndose del tipo de productos los profesionales est\u00e1n muy preocupados.<\/strong><\/p>\n<p>Se trata de drogas para tratamientos cr\u00f3nicos para el sistema nervioso, el cardiovascular, lo que tiene que ver con glaucoma, control de colesterol y pre-diabetes y tratamiento de pr\u00f3stata. <strong>La ca\u00edda tambi\u00e9n se sinti\u00f3 con fuerza en los medicamentos para enfermedades respiratorias y los antibi\u00f3ticos, tendencia que ya se observaba desde la salida de la pandemia.<\/strong><\/p>\n<blockquote><p>A eso hay que agregar datos de la Confederaci\u00f3n Farmac\u00e9utica Argentina (COFA), que por su parte inform\u00f3 que los medicamentos para tratar afecciones del sistema respiratorio cayeron un 14,9%, los antiinfecciosos 12,84%, los hormonales 8,13% y para el sistema nervioso 7,21%.<\/p><\/blockquote>\n<p>Por otra parte, seg\u00fan el titular de Ceprofar, Rub\u00e9n Sajem, los medicamentos de venta libre fueron los que m\u00e1s cayeron en su demanda, tocando el techo de 20%. El impacto fue fuerte en los <strong>rubros de dermatolog\u00eda, digestivos, analg\u00e9sicos y antimic\u00f3ticos.<\/strong><\/p>\n<p><em>Fuente: DIB.<\/em><\/p>\n","protected":false},"excerpt":{"rendered":"<p>El recorte fue de 30% en el caso de venta libre y 8% en recetados. Se incluyen tratamientos cr\u00f3nicos para<\/p>\n","protected":false},"author":2,"featured_media":100678,"comment_status":"closed","ping_status":"closed","sticky":false,"template":"","format":"standard","meta":{"_jetpack_memberships_contains_paid_content":false,"footnotes":""},"categories":[6,1],"tags":[],"class_list":["post-108373","post","type-post","status-publish","format-standard","has-post-thumbnail","hentry","category-nacionales","category-portada"],"jetpack_featured_media_url":"https:\/\/i0.wp.com\/cdnoticias.com\/wp-content\/uploads\/2023\/10\/farmacia-medicamentos.jpg?fit=1000%2C563&ssl=1","jetpack_sharing_enabled":true,"_links":{"self":[{"href":"https:\/\/cdnoticias.com\/index.php\/wp-json\/wp\/v2\/posts\/108373","targetHints":{"allow":["GET"]}}],"collection":[{"href":"https:\/\/cdnoticias.com\/index.php\/wp-json\/wp\/v2\/posts"}],"about":[{"href":"https:\/\/cdnoticias.com\/index.php\/wp-json\/wp\/v2\/types\/post"}],"author":[{"embeddable":true,"href":"https:\/\/cdnoticias.com\/index.php\/wp-json\/wp\/v2\/users\/2"}],"replies":[{"embeddable":true,"href":"https:\/\/cdnoticias.com\/index.php\/wp-json\/wp\/v2\/comments?post=108373"}],"version-history":[{"count":0,"href":"https:\/\/cdnoticias.com\/index.php\/wp-json\/wp\/v2\/posts\/108373\/revisions"}],"wp:featuredmedia":[{"embeddable":true,"href":"https:\/\/cdnoticias.com\/index.php\/wp-json\/wp\/v2\/media\/100678"}],"wp:attachment":[{"href":"https:\/\/cdnoticias.com\/index.php\/wp-json\/wp\/v2\/media?parent=108373"}],"wp:term":[{"taxonomy":"category","embeddable":true,"href":"https:\/\/cdnoticias.com\/index.php\/wp-json\/wp\/v2\/categories?post=108373"},{"taxonomy":"post_tag","embeddable":true,"href":"https:\/\/cdnoticias.com\/index.php\/wp-json\/wp\/v2\/tags?post=108373"}],"curies":[{"name":"wp","href":"https:\/\/api.w.org\/{rel}","templated":true}]}}