{"id":108367,"date":"2024-02-09T09:54:09","date_gmt":"2024-02-09T12:54:09","guid":{"rendered":"https:\/\/cdnoticias.com\/?p=108367"},"modified":"2024-02-09T09:55:11","modified_gmt":"2024-02-09T12:55:11","slug":"el-fudb-rechazo-la-retencion-de-fondos-educativos-y-exige-restitucion-inmediata","status":"publish","type":"post","link":"https:\/\/cdnoticias.com\/index.php\/2024\/02\/09\/el-fudb-rechazo-la-retencion-de-fondos-educativos-y-exige-restitucion-inmediata\/","title":{"rendered":"El FUDB rechaz\u00f3 la \u201cretenci\u00f3n de fondos educativos y exige restituci\u00f3n inmediata\u201d"},"content":{"rendered":"<p>Los sindicatos docentes bonaerenses se declararon en estado de alerta tras el pago salarial sin que Naci\u00f3n transfiera fondos de FONID y Conectividad. \u201cSi esta situaci\u00f3n se mantiene, implicar\u00e1 un importante recorte salarial\u201d se advirti\u00f3.<\/p>\n<p><!--more--><\/p>\n<hr \/>\n<p>Los <strong>sindicatos docentes bonaerenses<\/strong> se posicionaron <strong>cr\u00edticamente hacia la gesti\u00f3n nacional<\/strong> tras el<a href=\"https:\/\/cdnoticias.com\/index.php\/2024\/02\/08\/la-gobernacion-destaco-que-cubrio-deuda-de-nacion-para-pagos-salariales\/\" target=\"_blank\" rel=\"noopener\"><strong> pago salarial efectuado por la Gobernaci\u00f3n<\/strong><\/a>. Expresaron su <strong>oposici\u00f3n a la \u201cretenci\u00f3n de fondos educativos y exige restituci\u00f3n inmediata\u201d<\/strong>.<\/p>\n<blockquote><p>El Frente de Unidad Docente Bonaerense (FUDB) que integran AMET, FEB, SADOP, SUTEBA y UDOCBA declar\u00f3 \u201cestado de alerta y movilizaci\u00f3n para defender el salario docente y el financiamiento necesario para el sostenimiento de la educaci\u00f3n p\u00fablica\u201d.<\/p><\/blockquote>\n<p>\u201cEl Frente de Unidad Docente Bonaerense<strong> rechaza categ\u00f3ricamente la decisi\u00f3n del Gobierno Nacional de retener indebidamente las partidas presupuestarias para educaci\u00f3n<\/strong> que debe girar a cada provincia, en particular a la Provincia de Buenos Aires. A saber, <strong>el Fondo Nacional de Incentivo Docente (FONID), Conectividad, Fondo de Compensaci\u00f3n Salarial y dem\u00e1s partidas<\/strong> de educaci\u00f3n\u201d se indic\u00f3 en un comunicado.<\/p>\n<p>Desde FUDB se defini\u00f3 que <strong>\u201cel gobierno bonaerense de manera extraordinaria, se hizo cargo del pago del FONID y Conectividad ante la ausencia de env\u00edo de las sumas nacionales<\/strong> que conforman el salario docente y que el Gobierno Nacional tom\u00f3 la decisi\u00f3n de no efectuar\u201d.<\/p>\n<blockquote><p>\u201cSi esta situaci\u00f3n se mantiene, implicar\u00e1 un importante recorte salarial. Exigimos que de manera inmediata se restituyan los fondos nacionales que por ley le corresponden a la Provincia de Buenos Aires\u201d advirti\u00f3 el Frente.<\/p><\/blockquote>\n<blockquote class=\"wp-embedded-content\" data-secret=\"xJtXgU7N6M\"><p><a href=\"https:\/\/cdnoticias.com\/index.php\/2024\/02\/08\/la-gobernacion-destaco-que-cubrio-deuda-de-nacion-para-pagos-salariales\/\">La Gobernaci\u00f3n destac\u00f3 que cubri\u00f3 deuda de Naci\u00f3n para pagos salariales<\/a><\/p><\/blockquote>\n<p><iframe loading=\"lazy\" class=\"wp-embedded-content\" sandbox=\"allow-scripts\" security=\"restricted\" style=\"position: absolute; clip: rect(1px, 1px, 1px, 1px);\" title=\"&#8220;La Gobernaci\u00f3n destac\u00f3 que cubri\u00f3 deuda de Naci\u00f3n para pagos salariales&#8221; &#8212; Central de Noticias | Olavarr\u00eda\" src=\"https:\/\/cdnoticias.com\/index.php\/2024\/02\/08\/la-gobernacion-destaco-que-cubrio-deuda-de-nacion-para-pagos-salariales\/embed\/#?secret=SLO12ttgC3#?secret=xJtXgU7N6M\" data-secret=\"xJtXgU7N6M\" width=\"600\" height=\"338\" frameborder=\"0\" marginwidth=\"0\" marginheight=\"0\" scrolling=\"no\"><\/iframe><\/p>\n","protected":false},"excerpt":{"rendered":"<p>Los sindicatos docentes bonaerenses se declararon en estado de alerta tras el pago salarial sin que Naci\u00f3n transfiera fondos de<\/p>\n","protected":false},"author":4,"featured_media":108368,"comment_status":"closed","ping_status":"closed","sticky":false,"template":"","format":"standard","meta":{"_jetpack_memberships_contains_paid_content":false,"footnotes":""},"categories":[6,1],"tags":[],"class_list":["post-108367","post","type-post","status-publish","format-standard","has-post-thumbnail","hentry","category-nacionales","category-portada"],"jetpack_featured_media_url":"https:\/\/i0.wp.com\/cdnoticias.com\/wp-content\/uploads\/2024\/02\/frente-unidad-docente-bonaerense-FUDB.jpg?fit=800%2C445&ssl=1","jetpack_sharing_enabled":true,"_links":{"self":[{"href":"https:\/\/cdnoticias.com\/index.php\/wp-json\/wp\/v2\/posts\/108367","targetHints":{"allow":["GET"]}}],"collection":[{"href":"https:\/\/cdnoticias.com\/index.php\/wp-json\/wp\/v2\/posts"}],"about":[{"href":"https:\/\/cdnoticias.com\/index.php\/wp-json\/wp\/v2\/types\/post"}],"author":[{"embeddable":true,"href":"https:\/\/cdnoticias.com\/index.php\/wp-json\/wp\/v2\/users\/4"}],"replies":[{"embeddable":true,"href":"https:\/\/cdnoticias.com\/index.php\/wp-json\/wp\/v2\/comments?post=108367"}],"version-history":[{"count":0,"href":"https:\/\/cdnoticias.com\/index.php\/wp-json\/wp\/v2\/posts\/108367\/revisions"}],"wp:featuredmedia":[{"embeddable":true,"href":"https:\/\/cdnoticias.com\/index.php\/wp-json\/wp\/v2\/media\/108368"}],"wp:attachment":[{"href":"https:\/\/cdnoticias.com\/index.php\/wp-json\/wp\/v2\/media?parent=108367"}],"wp:term":[{"taxonomy":"category","embeddable":true,"href":"https:\/\/cdnoticias.com\/index.php\/wp-json\/wp\/v2\/categories?post=108367"},{"taxonomy":"post_tag","embeddable":true,"href":"https:\/\/cdnoticias.com\/index.php\/wp-json\/wp\/v2\/tags?post=108367"}],"curies":[{"name":"wp","href":"https:\/\/api.w.org\/{rel}","templated":true}]}}