{"id":108361,"date":"2024-02-08T20:49:04","date_gmt":"2024-02-08T23:49:04","guid":{"rendered":"https:\/\/cdnoticias.com\/?p=108361"},"modified":"2024-02-09T12:16:56","modified_gmt":"2024-02-09T15:16:56","slug":"estacionamiento-medido-el-ministerio-de-trabajo-fijo-audiencia-para-los-trabajadores","status":"publish","type":"post","link":"https:\/\/cdnoticias.com\/index.php\/2024\/02\/08\/estacionamiento-medido-el-ministerio-de-trabajo-fijo-audiencia-para-los-trabajadores\/","title":{"rendered":"Estacionamiento medido: el Ministerio de Trabajo fij\u00f3 audiencia para los trabajadores"},"content":{"rendered":"<p>Se realizar\u00e1 el pr\u00f3ximo jueves al mediod\u00eda. El decreto 230\/24 estableci\u00f3 que \u201cel Servicio de Estacionamiento Medido Municipal deja de tener vigencia en Olavarr\u00eda\u201d.<\/p>\n<p><!--more--><\/p>\n<hr \/>\n<p>El <strong>Ministerio de Trabajo<\/strong> defini\u00f3<strong> fecha de audiencia<\/strong> para el <strong>conflicto que atraviesan los trabajadores del estacionamiento medido<\/strong>: se realizar\u00e1 <strong>el pr\u00f3ximo jueves<\/strong> al mediod\u00eda.<\/p>\n<p>&nbsp;<\/p>\n<p>Tal como <a href=\"https:\/\/cdnoticias.com\/index.php\/2024\/02\/03\/estacionamiento-medido-buscaran-la-intermediacion-del-ministerio-de-trabajo\/\" target=\"_blank\" rel=\"noopener\">se hab\u00eda adelantado desde SOESGyPE<\/a>, el sindicato que los agrupa, la intenci\u00f3n era presentarse a la secretar\u00eda local de la cartera provincial <strong>despu\u00e9s de responder los telegramas de preaviso de despido<\/strong> que recibieron los alrededor de 20 empleados.<\/p>\n<p>&nbsp;<\/p>\n<blockquote><p>Tal medida se produjo y as\u00ed el sindicato que encabeza Lucas Newbery invoc\u00f3 la mediaci\u00f3n. El titular del organismo provincial Lucas Miriuka fij\u00f3 fecha de audiencia para el jueves 15 a las 12. Fueron convocados, adem\u00e1s de SOESGyPE, la empresa que fue contratista del servicio de estacionamiento medido Soluparking\/Soluciones Virtuales SA, el Municipio y la Asociaci\u00f3n Civil Bomberos Voluntarios.<\/p><\/blockquote>\n<p>&nbsp;<\/p>\n<p><img data-recalc-dims=\"1\" loading=\"lazy\" decoding=\"async\" class=\"size-full wp-image-108166 aligncenter\" src=\"https:\/\/i0.wp.com\/cdnoticias.com\/wp-content\/uploads\/2024\/02\/estacionamiento-medido-reunion-municipio-04.jpg?resize=800%2C445&#038;ssl=1\" alt=\"\" width=\"800\" height=\"445\" srcset=\"https:\/\/i0.wp.com\/cdnoticias.com\/wp-content\/uploads\/2024\/02\/estacionamiento-medido-reunion-municipio-04.jpg?w=800&amp;ssl=1 800w, https:\/\/i0.wp.com\/cdnoticias.com\/wp-content\/uploads\/2024\/02\/estacionamiento-medido-reunion-municipio-04.jpg?resize=300%2C167&amp;ssl=1 300w, https:\/\/i0.wp.com\/cdnoticias.com\/wp-content\/uploads\/2024\/02\/estacionamiento-medido-reunion-municipio-04.jpg?resize=768%2C427&amp;ssl=1 768w\" sizes=\"auto, (max-width: 800px) 100vw, 800px\" \/><\/p>\n<p>&nbsp;<\/p>\n<p>Los despidos de los trabajadores -con fecha del 31 de marzo- <a href=\"https:\/\/cdnoticias.com\/index.php\/2024\/02\/02\/despidieron-a-los-trabajadores-de-estacionamiento-medido-seran-recibidos-por-el-municipio\/\" target=\"_blank\" rel=\"noopener\">se conocieron el 2 de febrero<\/a> y, ese mismo d\u00eda, el Municipio inform\u00f3 que se hab\u00eda emitido un decreto que <a href=\"https:\/\/cdnoticias.com\/index.php\/2024\/02\/05\/el-municipio-dio-por-finalizada-la-contratacion-del-estacionamiento-medido\/\" target=\"_blank\" rel=\"noopener\">dispuso el final de la contrataci\u00f3n de la empresa Soluparking<\/a>. Si bien el contrato inicial se hab\u00eda vencido el 3 de enero, se tom\u00f3 un mes de extensi\u00f3n durante el cual hubo negociaciones para la pr\u00f3rroga. En tanto, <a href=\"https:\/\/cdnoticias.com\/index.php\/2024\/02\/05\/los-trabajadores-de-estacionamiento-medido-tras-la-reunion-con-el-municipio-incertidumbre\/\" target=\"_blank\" rel=\"noopener\">el lunes 5 de febrero los trabajadores fueron recibidos en el Municipio<\/a> y el panorama que se mantuvo fue de \u201cincertidumbre\u201d. Posteriormente, <a href=\"https:\/\/cdnoticias.com\/index.php\/2024\/02\/07\/estacionamiento-medido-el-municipio-pide-que-se-indemnice-a-los-trabajadores\/\" target=\"_blank\" rel=\"noopener\">la Municipalidad pidi\u00f3 la indemnizaci\u00f3n para todos los trabajadores<\/a>.<\/p>\n<p>&nbsp;<\/p>\n<h2>El decreto<\/h2>\n<p>&nbsp;<\/p>\n<p><strong>Central de Noticias<\/strong> accedi\u00f3 al <strong>decreto 230\/24<\/strong> firmado por el intendente Maximiliano Wesner, la jefa de Gabinete Mercedes Land\u00edvar y los secretarios Gast\u00f3n Sarachu y Eugenia Bezzoni mediante el que <strong>se dispuso \u201cconvalidar\u201d la pr\u00f3rroga del servicio de Soluparking del 3 de enero al 2 febrero<\/strong>.<\/p>\n<p>&nbsp;<\/p>\n<p><img data-recalc-dims=\"1\" loading=\"lazy\" decoding=\"async\" class=\"size-full wp-image-108164 aligncenter\" src=\"https:\/\/i0.wp.com\/cdnoticias.com\/wp-content\/uploads\/2024\/02\/estacionamiento-medido-reunion-municipio-02.jpg?resize=800%2C445&#038;ssl=1\" alt=\"\" width=\"800\" height=\"445\" srcset=\"https:\/\/i0.wp.com\/cdnoticias.com\/wp-content\/uploads\/2024\/02\/estacionamiento-medido-reunion-municipio-02.jpg?w=800&amp;ssl=1 800w, https:\/\/i0.wp.com\/cdnoticias.com\/wp-content\/uploads\/2024\/02\/estacionamiento-medido-reunion-municipio-02.jpg?resize=300%2C167&amp;ssl=1 300w, https:\/\/i0.wp.com\/cdnoticias.com\/wp-content\/uploads\/2024\/02\/estacionamiento-medido-reunion-municipio-02.jpg?resize=768%2C427&amp;ssl=1 768w\" sizes=\"auto, (max-width: 800px) 100vw, 800px\" \/><\/p>\n<p>&nbsp;<\/p>\n<p>El segundo art\u00edculo del decreto es el que <strong>da por finalizada la contrataci\u00f3n: \u201cal no existir reconducci\u00f3n del contrato, el Servicio de Estacionamiento Medido Municipal deja de tener vigencia en Olavarr\u00eda\u201d.<\/strong><\/p>\n<p>&nbsp;<\/p>\n<blockquote><p>En los considerandos del decreto, el Ejecutivo local tuvo en cuenta que la empresa no manifest\u00f3 \u201cfehacientemente\u201d su intenci\u00f3n de renovaci\u00f3n del contrato en los plazos previstos (90 d\u00edas antes del vencimiento) y que iniciada la negociaci\u00f3n \u201cla firma ha exigido como condici\u00f3n para la renegociaci\u00f3n el aumento del valor de la tarifa, efectuando una estimaci\u00f3n de costos totalmente exorbitante y desmesurada en relaci\u00f3n a los t\u00e9rminos pactados y a los diferentes aumentos que hist\u00f3ricamente ha solicitado al Ejecutivo Municipal y \u00e9ste ha otorgado con anterioridad\u201d. Se hab\u00eda informado que el pedido era de 250% de suba.<\/p><\/blockquote>\n<p>&nbsp;<\/p>\n","protected":false},"excerpt":{"rendered":"<p>Se realizar\u00e1 el pr\u00f3ximo jueves al mediod\u00eda. El decreto 230\/24 estableci\u00f3 que \u201cel Servicio de Estacionamiento Medido Municipal deja de<\/p>\n","protected":false},"author":4,"featured_media":108131,"comment_status":"closed","ping_status":"closed","sticky":false,"template":"","format":"standard","meta":{"_jetpack_memberships_contains_paid_content":false,"footnotes":""},"categories":[5,1],"tags":[],"class_list":["post-108361","post","type-post","status-publish","format-standard","has-post-thumbnail","hentry","category-informacion-general","category-portada"],"jetpack_featured_media_url":"https:\/\/i0.wp.com\/cdnoticias.com\/wp-content\/uploads\/2024\/02\/estacionamiento-medido-01.jpg?fit=1000%2C556&ssl=1","jetpack_sharing_enabled":true,"_links":{"self":[{"href":"https:\/\/cdnoticias.com\/index.php\/wp-json\/wp\/v2\/posts\/108361","targetHints":{"allow":["GET"]}}],"collection":[{"href":"https:\/\/cdnoticias.com\/index.php\/wp-json\/wp\/v2\/posts"}],"about":[{"href":"https:\/\/cdnoticias.com\/index.php\/wp-json\/wp\/v2\/types\/post"}],"author":[{"embeddable":true,"href":"https:\/\/cdnoticias.com\/index.php\/wp-json\/wp\/v2\/users\/4"}],"replies":[{"embeddable":true,"href":"https:\/\/cdnoticias.com\/index.php\/wp-json\/wp\/v2\/comments?post=108361"}],"version-history":[{"count":0,"href":"https:\/\/cdnoticias.com\/index.php\/wp-json\/wp\/v2\/posts\/108361\/revisions"}],"wp:featuredmedia":[{"embeddable":true,"href":"https:\/\/cdnoticias.com\/index.php\/wp-json\/wp\/v2\/media\/108131"}],"wp:attachment":[{"href":"https:\/\/cdnoticias.com\/index.php\/wp-json\/wp\/v2\/media?parent=108361"}],"wp:term":[{"taxonomy":"category","embeddable":true,"href":"https:\/\/cdnoticias.com\/index.php\/wp-json\/wp\/v2\/categories?post=108361"},{"taxonomy":"post_tag","embeddable":true,"href":"https:\/\/cdnoticias.com\/index.php\/wp-json\/wp\/v2\/tags?post=108361"}],"curies":[{"name":"wp","href":"https:\/\/api.w.org\/{rel}","templated":true}]}}