{"id":108351,"date":"2024-02-08T19:14:35","date_gmt":"2024-02-08T22:14:35","guid":{"rendered":"https:\/\/cdnoticias.com\/?p=108351"},"modified":"2024-02-08T20:49:21","modified_gmt":"2024-02-08T23:49:21","slug":"quita-de-subsidios-al-transporte-olavarria-entre-las-ciudades-que-tendrian-fuertes-subas","status":"publish","type":"post","link":"https:\/\/cdnoticias.com\/index.php\/2024\/02\/08\/quita-de-subsidios-al-transporte-olavarria-entre-las-ciudades-que-tendrian-fuertes-subas\/","title":{"rendered":"Quita de subsidios al Transporte: Olavarr\u00eda, entre las ciudades que tendr\u00edan fuertes subas"},"content":{"rendered":"\n<p>Tras la eliminaci\u00f3n del Fondo Compensador por parte del Gobierno de Milei, las tarifas podr\u00edan llegar al doble de lo que actualmente cuestan. Mar del Plata, Bah\u00eda Blanca, San Nicol\u00e1s, entre las mencionadas.<\/p>\n\n\n\n<hr class=\"wp-block-separator aligncenter has-alpha-channel-opacity\"\/>\n\n\n\n<p>La eliminaci\u00f3n de subsidios y del fondo compensador que anunci\u00f3 este jueves el gobierno nacional <strong>implicar\u00e1 una fuerte suba de las tarifas de colectivos para el interior bonaerense, donde los boletos urbanos podr\u00edan hasta triplicarse, mientras que para las l\u00edneas interurbanas tambi\u00e9n el impacto tambi\u00e9n ser\u00e1 fuerte, con incrementos que llevar\u00e1n las tarifas de 1.800 a 5.000 pesos en algunos casos.<\/strong> <strong>Olavarr\u00eda es uno de los casos mencionados. <\/strong><\/p>\n\n\n\n<p>Las medidas, anunciadas por la secretar\u00eda de Transporte del ministerio de Econom\u00eda nacional a\u00fan no tiene una medici\u00f3n detallada del impacto, ya que existe una dispersi\u00f3n importante en el costo de base de los pasajes sobre los que se aplicar\u00e1. Sin embargo,<strong> las primeras estimaciones dan cuenta de incrementos importantes en ciudades como Mar del Plata, Bah\u00eda Blanca o Tandil.<\/strong><\/p>\n\n\n\n<p><strong>Para Mar del Plata, cuyo intendente Guillermo Montenegro (Pro) firm\u00f3 una carta en la que junto con otros alcaldes pide que se revea la medida: la c\u00e1mara del sector transportista indic\u00f3 que un boleto que hoy cuesta casi $300 ($297,32) puede llegar a los $961.<\/strong> Es decir que el valor se triplicar\u00eda, justo cuando el Concejo Deliberante discut\u00eda llevarlo a $691 por presi\u00f3n del sector empresario.<\/p>\n\n\n\n<blockquote class=\"wp-block-quote is-layout-flow wp-block-quote-is-layout-flow\">\n<p>En Tandil el precio del boleto plano es hoy de $303, pero el titular de la c\u00e1mara transportista local calcula que ahora se ubicar\u00e1 arriba de los $600.<\/p>\n<\/blockquote>\n\n\n\n<p><strong>Olavarr\u00eda, San Nicol\u00e1s, Bah\u00eda Blanca, Z\u00e1rate pueden ser otros puntos donde los aumentos sean muy importantes.<\/strong><\/p>\n\n\n\n<p>Al mismo tiempo, la eliminaci\u00f3n de subsidios impactar\u00e1 en el precio de los viajes de las l\u00edneas que van de un distrito a otro. La poda se puede calcular de la siguiente manera: el mes pasado, en ese concepto Naci\u00f3n y Provincia giraron cada una $1.000 millones a los empresarios. Pero ahora el aporte nacional desaparecer\u00e1, para destinarse a subsidiar a los pasajeros que lo necesiten, seg\u00fan se anunci\u00f3.<\/p>\n\n\n\n<p><strong>El gobierno no especific\u00f3 a\u00fan sobre qu\u00e9 criterios se calcular\u00e1 ese aporte ni la cantidad de fondos que se dedicar\u00e1 al mismo. Apenas hizo una referencia gen\u00e9rica a que se acreditar\u00e1 en la tarjera SUBE.<\/strong><\/p>\n\n\n\n<p>Desde el ministerio de Transporte bonaerense presentaron a la agencia de noticias provincial DIB algunos ejemplos.<em><strong> \u201cQuien pagaba $1.800 para ir de Madariaga a Villa Gesell, va a pagar $5.000. Nos va a suceder en Mar del Plata, en Bah\u00eda Blanca. Por ejemplo, Punta Alta \u2013 Bah\u00eda Blanca va a ser $2.000 o $3.000 pesos, precisaron\u201d.<\/strong><\/em><\/p>\n\n\n\n<p><strong><em>\u201cAfecta a todo el interior\u201d<\/em><\/strong>, dijo el <strong>ministro de Transporte, Jorge D\u00b4Onofrio<\/strong>. <em>\u201cEsto no se hab\u00eda hablado. La quita de subsidios es una venganza por la ca\u00edda de la Ley \u00d3mnibus; los invito a que reflexionen, esto no se lo est\u00e1n haciendo a un Gobernador, se lo est\u00e1n haciendo a la gente\u201d<\/em>, dijo el funcionario ante la consulta de DIB.<\/p>\n","protected":false},"excerpt":{"rendered":"<p>Tras la eliminaci\u00f3n del Fondo Compensador por parte del Gobierno de Milei, las tarifas podr\u00edan llegar al doble de lo<\/p>\n","protected":false},"author":2,"featured_media":33520,"comment_status":"closed","ping_status":"closed","sticky":false,"template":"","format":"standard","meta":{"_jetpack_memberships_contains_paid_content":false,"footnotes":""},"categories":[5,1],"tags":[],"class_list":["post-108351","post","type-post","status-publish","format-standard","has-post-thumbnail","hentry","category-informacion-general","category-portada"],"jetpack_featured_media_url":"https:\/\/i0.wp.com\/cdnoticias.com\/wp-content\/uploads\/2021\/09\/tu-bus-transporte-00.jpg?fit=800%2C445&ssl=1","jetpack_sharing_enabled":true,"_links":{"self":[{"href":"https:\/\/cdnoticias.com\/index.php\/wp-json\/wp\/v2\/posts\/108351","targetHints":{"allow":["GET"]}}],"collection":[{"href":"https:\/\/cdnoticias.com\/index.php\/wp-json\/wp\/v2\/posts"}],"about":[{"href":"https:\/\/cdnoticias.com\/index.php\/wp-json\/wp\/v2\/types\/post"}],"author":[{"embeddable":true,"href":"https:\/\/cdnoticias.com\/index.php\/wp-json\/wp\/v2\/users\/2"}],"replies":[{"embeddable":true,"href":"https:\/\/cdnoticias.com\/index.php\/wp-json\/wp\/v2\/comments?post=108351"}],"version-history":[{"count":0,"href":"https:\/\/cdnoticias.com\/index.php\/wp-json\/wp\/v2\/posts\/108351\/revisions"}],"wp:featuredmedia":[{"embeddable":true,"href":"https:\/\/cdnoticias.com\/index.php\/wp-json\/wp\/v2\/media\/33520"}],"wp:attachment":[{"href":"https:\/\/cdnoticias.com\/index.php\/wp-json\/wp\/v2\/media?parent=108351"}],"wp:term":[{"taxonomy":"category","embeddable":true,"href":"https:\/\/cdnoticias.com\/index.php\/wp-json\/wp\/v2\/categories?post=108351"},{"taxonomy":"post_tag","embeddable":true,"href":"https:\/\/cdnoticias.com\/index.php\/wp-json\/wp\/v2\/tags?post=108351"}],"curies":[{"name":"wp","href":"https:\/\/api.w.org\/{rel}","templated":true}]}}