{"id":108347,"date":"2024-02-08T18:30:14","date_gmt":"2024-02-08T21:30:14","guid":{"rendered":"https:\/\/cdnoticias.com\/?p=108347"},"modified":"2024-02-08T19:56:16","modified_gmt":"2024-02-08T22:56:16","slug":"wesner-se-reunio-con-el-fiscal-general-marcelo-sobrino","status":"publish","type":"post","link":"https:\/\/cdnoticias.com\/index.php\/2024\/02\/08\/wesner-se-reunio-con-el-fiscal-general-marcelo-sobrino\/","title":{"rendered":"Wesner se reuni\u00f3 con el fiscal general Marcelo Sobrino"},"content":{"rendered":"<p>Funcionarios judiciales estuvieron en el Palacio San Mart\u00edn. Seg\u00fan se inform\u00f3, fue una visita de car\u00e1cter institucional donde \u201cse abord\u00f3 la situaci\u00f3n del distrito en materia judicial\u201d.<\/p>\n<p><!--more--><\/p>\n<hr \/>\n<p>El<strong> intendente Maximiliano Wesner<\/strong> mantuvo un<strong> encuentro con el Fiscal General del Departamento Judicial de Azul, Marcelo Sobrino<\/strong>, que se concret\u00f3 en la tarde del mi\u00e9rcoles, en la Sala de Reuniones del Palacio San Mart\u00edn.<\/p>\n<p>Del encuentro participaron el<em> titular de la Fiscal\u00eda en Delitos Inform\u00e1ticos y Estupefacientes Lucas Moyano, el Ayudante Fiscal Jos\u00e9 Iturralde Elortegui, el Jefe de Prensa de la Fiscal\u00eda General Mat\u00edas Vidal, Mart\u00edn Dupuy del CAI (Cuerpo de Ayuda a la Instrucci\u00f3n), la jefa de Gabinete Municipal, Mercedes Land\u00edvar y la directora de Asuntos Legales, Daiana Tolosa<\/em>.<\/p>\n<blockquote><p>\u201cDurante la reuni\u00f3n dialogaron sobre la situaci\u00f3n general del distrito en materia judicial y coincidieron en la importancia de trabajar en conjunto, en cuanto a las principales l\u00edneas de acci\u00f3n del Ministerio P\u00fablico Fiscal\u201d se comunic\u00f3 tras el encuentro.<\/p><\/blockquote>\n","protected":false},"excerpt":{"rendered":"<p>Funcionarios judiciales estuvieron en el Palacio San Mart\u00edn. Seg\u00fan se inform\u00f3, fue una visita de car\u00e1cter institucional donde \u201cse abord\u00f3<\/p>\n","protected":false},"author":4,"featured_media":108348,"comment_status":"closed","ping_status":"closed","sticky":false,"template":"","format":"standard","meta":{"_jetpack_memberships_contains_paid_content":false,"footnotes":""},"categories":[5,1],"tags":[],"class_list":["post-108347","post","type-post","status-publish","format-standard","has-post-thumbnail","hentry","category-informacion-general","category-portada"],"jetpack_featured_media_url":"https:\/\/i0.wp.com\/cdnoticias.com\/wp-content\/uploads\/2024\/02\/wesner-sobrino-fiscales.jpg?fit=1000%2C556&ssl=1","jetpack_sharing_enabled":true,"_links":{"self":[{"href":"https:\/\/cdnoticias.com\/index.php\/wp-json\/wp\/v2\/posts\/108347","targetHints":{"allow":["GET"]}}],"collection":[{"href":"https:\/\/cdnoticias.com\/index.php\/wp-json\/wp\/v2\/posts"}],"about":[{"href":"https:\/\/cdnoticias.com\/index.php\/wp-json\/wp\/v2\/types\/post"}],"author":[{"embeddable":true,"href":"https:\/\/cdnoticias.com\/index.php\/wp-json\/wp\/v2\/users\/4"}],"replies":[{"embeddable":true,"href":"https:\/\/cdnoticias.com\/index.php\/wp-json\/wp\/v2\/comments?post=108347"}],"version-history":[{"count":0,"href":"https:\/\/cdnoticias.com\/index.php\/wp-json\/wp\/v2\/posts\/108347\/revisions"}],"wp:featuredmedia":[{"embeddable":true,"href":"https:\/\/cdnoticias.com\/index.php\/wp-json\/wp\/v2\/media\/108348"}],"wp:attachment":[{"href":"https:\/\/cdnoticias.com\/index.php\/wp-json\/wp\/v2\/media?parent=108347"}],"wp:term":[{"taxonomy":"category","embeddable":true,"href":"https:\/\/cdnoticias.com\/index.php\/wp-json\/wp\/v2\/categories?post=108347"},{"taxonomy":"post_tag","embeddable":true,"href":"https:\/\/cdnoticias.com\/index.php\/wp-json\/wp\/v2\/tags?post=108347"}],"curies":[{"name":"wp","href":"https:\/\/api.w.org\/{rel}","templated":true}]}}