{"id":108319,"date":"2024-02-08T10:16:31","date_gmt":"2024-02-08T13:16:31","guid":{"rendered":"https:\/\/cdnoticias.com\/?p=108319"},"modified":"2024-02-08T12:17:09","modified_gmt":"2024-02-08T15:17:09","slug":"limpieza-en-el-predio-del-cec-801-y-cepeac","status":"publish","type":"post","link":"https:\/\/cdnoticias.com\/index.php\/2024\/02\/08\/limpieza-en-el-predio-del-cec-801-y-cepeac\/","title":{"rendered":"Limpieza en el predio del CEC 801 y CEPEAC"},"content":{"rendered":"<p>La sede de Col\u00f3n y Jun\u00edn se vio gravemente afectada por el temporal del 14 de diciembre. La semana pasada se vieron m\u00e1quinas en plena tarea.<\/p>\n<p><!--more--><\/p>\n<hr \/>\n<p>La <strong>sede del CEC 801 y CEPEAC<\/strong> sufri\u00f3 <strong>serios da\u00f1os<\/strong> durante el<a href=\"https:\/\/cdnoticias.com\/index.php\/2023\/12\/18\/educacion-las-cuatro-escuelas-con-danos-graves-y-el-ok-para-el-inicio\/\" target=\"_blank\" rel=\"noopener\"> temporal del 14 de diciembre<\/a>. La <strong>ca\u00edda de \u00e1rboles<\/strong> gener\u00f3 el <strong>derrumbe de parte del edificio<\/strong> ubicado en Jun\u00edn y Col\u00f3n.<\/p>\n<p>&nbsp;<\/p>\n<blockquote><p><strong>Central de Noticias<\/strong> confirm\u00f3 que la semana pasada se iniciaron las tareas de limpieza en el predio. Se observaron camiones y maquinaria, as\u00ed como el personal que asumi\u00f3 los trabajos.<\/p><\/blockquote>\n<p>&nbsp;<\/p>\n<p><img data-recalc-dims=\"1\" loading=\"lazy\" decoding=\"async\" class=\"size-full wp-image-108320 aligncenter\" src=\"https:\/\/i0.wp.com\/cdnoticias.com\/wp-content\/uploads\/2024\/02\/CEC-801-obras-02.jpg?resize=800%2C446&#038;ssl=1\" alt=\"\" width=\"800\" height=\"446\" srcset=\"https:\/\/i0.wp.com\/cdnoticias.com\/wp-content\/uploads\/2024\/02\/CEC-801-obras-02.jpg?w=1000&amp;ssl=1 1000w, https:\/\/i0.wp.com\/cdnoticias.com\/wp-content\/uploads\/2024\/02\/CEC-801-obras-02.jpg?resize=300%2C167&amp;ssl=1 300w, https:\/\/i0.wp.com\/cdnoticias.com\/wp-content\/uploads\/2024\/02\/CEC-801-obras-02.jpg?resize=768%2C428&amp;ssl=1 768w, https:\/\/i0.wp.com\/cdnoticias.com\/wp-content\/uploads\/2024\/02\/CEC-801-obras-02.jpg?resize=800%2C445&amp;ssl=1 800w\" sizes=\"auto, (max-width: 800px) 100vw, 800px\" \/><\/p>\n<p>&nbsp;<\/p>\n<p>Seg\u00fan se pudo saber, se llev\u00f3 adelante la <strong>remoci\u00f3n de plantas y tambi\u00e9n de parte de las estructuras derrumbadas<\/strong>, como retiro de mamposter\u00eda y chapas.<\/p>\n<p>&nbsp;<\/p>\n<p><strong>Los trabajos siguen, a\u00fan resta sacar m\u00e1s ramas y restos<\/strong> para posteriormente dar inicio a las obras de reconstrucci\u00f3n sobre las cuales no se brind\u00f3 informaci\u00f3n oficial.<\/p>\n<p>&nbsp;<\/p>\n<p><img data-recalc-dims=\"1\" loading=\"lazy\" decoding=\"async\" class=\"size-full wp-image-108321 aligncenter\" src=\"https:\/\/i0.wp.com\/cdnoticias.com\/wp-content\/uploads\/2024\/02\/CEC-801-obras-00.jpg?resize=800%2C445&#038;ssl=1\" alt=\"\" width=\"800\" height=\"445\" srcset=\"https:\/\/i0.wp.com\/cdnoticias.com\/wp-content\/uploads\/2024\/02\/CEC-801-obras-00.jpg?w=1000&amp;ssl=1 1000w, https:\/\/i0.wp.com\/cdnoticias.com\/wp-content\/uploads\/2024\/02\/CEC-801-obras-00.jpg?resize=300%2C167&amp;ssl=1 300w, https:\/\/i0.wp.com\/cdnoticias.com\/wp-content\/uploads\/2024\/02\/CEC-801-obras-00.jpg?resize=768%2C427&amp;ssl=1 768w, https:\/\/i0.wp.com\/cdnoticias.com\/wp-content\/uploads\/2024\/02\/CEC-801-obras-00.jpg?resize=800%2C445&amp;ssl=1 800w\" sizes=\"auto, (max-width: 800px) 100vw, 800px\" \/><\/p>\n<p>&nbsp;<\/p>\n<blockquote class=\"wp-embedded-content\" data-secret=\"nAPvHArOnK\"><p><a href=\"https:\/\/cdnoticias.com\/index.php\/2023\/12\/15\/cepeac-y-el-cec-801-quedaron-debajo-de-arboles-que-cayeron-con-el-temporal\/\">Cepeac y el CEC 801 quedaron debajo de \u00e1rboles que cayeron con el temporal<\/a><\/p><\/blockquote>\n<p><iframe loading=\"lazy\" class=\"wp-embedded-content\" sandbox=\"allow-scripts\" security=\"restricted\" style=\"position: absolute; clip: rect(1px, 1px, 1px, 1px);\" title=\"&#8220;Cepeac y el CEC 801 quedaron debajo de \u00e1rboles que cayeron con el temporal&#8221; &#8212; Central de Noticias | Olavarr\u00eda\" src=\"https:\/\/cdnoticias.com\/index.php\/2023\/12\/15\/cepeac-y-el-cec-801-quedaron-debajo-de-arboles-que-cayeron-con-el-temporal\/embed\/#?secret=LaxFQf2CBy#?secret=nAPvHArOnK\" data-secret=\"nAPvHArOnK\" width=\"600\" height=\"338\" frameborder=\"0\" marginwidth=\"0\" marginheight=\"0\" scrolling=\"no\"><\/iframe><\/p>\n<p>&nbsp;<\/p>\n","protected":false},"excerpt":{"rendered":"<p>La sede de Col\u00f3n y Jun\u00edn se vio gravemente afectada por el temporal del 14 de diciembre. La semana pasada<\/p>\n","protected":false},"author":4,"featured_media":108322,"comment_status":"closed","ping_status":"closed","sticky":false,"template":"","format":"standard","meta":{"_jetpack_memberships_contains_paid_content":false,"footnotes":""},"categories":[5,1],"tags":[],"class_list":["post-108319","post","type-post","status-publish","format-standard","has-post-thumbnail","hentry","category-informacion-general","category-portada"],"jetpack_featured_media_url":"https:\/\/i0.wp.com\/cdnoticias.com\/wp-content\/uploads\/2024\/02\/CEC-801-obras-01.jpg?fit=1000%2C556&ssl=1","jetpack_sharing_enabled":true,"_links":{"self":[{"href":"https:\/\/cdnoticias.com\/index.php\/wp-json\/wp\/v2\/posts\/108319","targetHints":{"allow":["GET"]}}],"collection":[{"href":"https:\/\/cdnoticias.com\/index.php\/wp-json\/wp\/v2\/posts"}],"about":[{"href":"https:\/\/cdnoticias.com\/index.php\/wp-json\/wp\/v2\/types\/post"}],"author":[{"embeddable":true,"href":"https:\/\/cdnoticias.com\/index.php\/wp-json\/wp\/v2\/users\/4"}],"replies":[{"embeddable":true,"href":"https:\/\/cdnoticias.com\/index.php\/wp-json\/wp\/v2\/comments?post=108319"}],"version-history":[{"count":0,"href":"https:\/\/cdnoticias.com\/index.php\/wp-json\/wp\/v2\/posts\/108319\/revisions"}],"wp:featuredmedia":[{"embeddable":true,"href":"https:\/\/cdnoticias.com\/index.php\/wp-json\/wp\/v2\/media\/108322"}],"wp:attachment":[{"href":"https:\/\/cdnoticias.com\/index.php\/wp-json\/wp\/v2\/media?parent=108319"}],"wp:term":[{"taxonomy":"category","embeddable":true,"href":"https:\/\/cdnoticias.com\/index.php\/wp-json\/wp\/v2\/categories?post=108319"},{"taxonomy":"post_tag","embeddable":true,"href":"https:\/\/cdnoticias.com\/index.php\/wp-json\/wp\/v2\/tags?post=108319"}],"curies":[{"name":"wp","href":"https:\/\/api.w.org\/{rel}","templated":true}]}}