{"id":108273,"date":"2024-02-07T17:07:20","date_gmt":"2024-02-07T20:07:20","guid":{"rendered":"https:\/\/cdnoticias.com\/?p=108273"},"modified":"2024-02-07T17:07:21","modified_gmt":"2024-02-07T20:07:21","slug":"el-gobernador-axel-kicillof-inaugurara-viviendas-en-la-localidad-de-crotto","status":"publish","type":"post","link":"https:\/\/cdnoticias.com\/index.php\/2024\/02\/07\/el-gobernador-axel-kicillof-inaugurara-viviendas-en-la-localidad-de-crotto\/","title":{"rendered":"El gobernador Axel Kicillof inaugurar\u00e1 viviendas en la localidad de Crotto"},"content":{"rendered":"\n<p>Ser\u00e1 una visita hist\u00f3rica para la localidad del partido de Tapalqu\u00e9. Con apenas 300 habitantes, el pueblo de Crotto (Tapalqu\u00e9) se prepara para la in\u00e9dita visita de un gobernador.<\/p>\n\n\n\n<hr class=\"wp-block-separator aligncenter has-alpha-channel-opacity\"\/>\n\n\n\n<p><em><strong>Por Sergio Di Pino, publicado en el portal provincial Infocielo<\/strong><\/em><\/p>\n\n\n\n<p>&#8220;Es un hecho hist\u00f3rico&#8221;, se entusiasma el intendente de Tapalqu\u00e9, Gustavo Cocconi, ante la consulta de Infocielo. <strong>Es que el gobernador Axel Kicillof incluy\u00f3 en su agitada agenda por la s\u00e9ptima secci\u00f3n del pr\u00f3ximo viernes a Crotto, un pueblo rural de apenas 300 habitantes, donde el gobernador har\u00e1 entrega de viviendas.<\/strong><\/p>\n\n\n\n<p>Se trata de una visita in\u00e9dita para la localidad que forma parte del Partido de Tapalqu\u00e9 &#8211; se ubica a unos 26 kil\u00f3metros- y tiene fuertes lazos con distritos vecinos como Olavarr\u00eda y Azul. <strong>Los m\u00e1s memoriosos solo lo emparentan con una visita hace m\u00e1s de 35 a\u00f1os de Antonio Caffiero, aunque aclaran que aquel arribo se produjo cuando el dirigente peronista se encontraba en campa\u00f1a electoral.<\/strong> Si el clima lo permite, hay posibilidad de lluvias durante la jornada, se convertir\u00e1 en el hecho pol\u00edtico m\u00e1s importantes en sus m\u00e1s de cien a\u00f1os de vida (fue reconocido como localidad el 23 de octubre de 1914).<\/p>\n\n\n\n<p>En el pueblo<strong>, cinco familias recibir\u00e1n su vivienda,a partir de un conjunto de pol\u00edticas municipales y provinciales para fortalecer el arraigo de sus vecinos.<\/strong> La zona ha ganado lugar como un destino emergente del turismo rural e incluso ha llamado la atenci\u00f3n de visitantes de otras partes de la provincia. Algunos, incluso, ya han comprado terrenos para construir un proyecto de vida alejado de los ruidos y la agitada vida citadina.<\/p>\n\n\n\n<p class=\"has-medium-font-size\">La emoci\u00f3n en Crotto por la visita de Axel Kicillof: &#8220;Le haremos sentir toda nuestra amistad&#8221;<\/p>\n\n\n\n<p>En di\u00e1logo con Infocielo,<strong> el delegado de Crotto, Marcelo Eugui, no pudo ocultar su felicidad ante el inminente acontecimiento.<\/strong> <em>&#8220;Para nosotros, como gesti\u00f3n y como pueblo, que podamos tener la visita del gobernador el pr\u00f3ximo viernes es muy lindo, placentero. Es un orgullo que entre su agenda estemos nosotros para que nos visite y poder inaugurar viviendas hechas con la gesti\u00f3n de Gustavo (Cocconi) y Axel Kicillof&#8221;<\/em> expres\u00f3.<\/p>\n\n\n\n<p><em>&#8220;Como localidad es un enorme placer y lo haremos sentir toda nuestra amistad y cari\u00f1o&#8221; destac\u00f3. El mandatario bonaerense participar\u00e1 de la entrega de cinco viviendas que dar\u00e1n una &#8220;soluci\u00f3n habitacional a familias de la localidad. Para nosotros es un sue\u00f1o cumplido. Ojal\u00e1 el tiempo nos acompa\u00f1e y as\u00ed podamos recibir al gobernador, aunque sea una visita r\u00e1pida por su agenda complicada&#8221; <\/em>valor\u00f3.<\/p>\n\n\n\n<p>La localidad cuenta con<strong> la mayor\u00eda de los servicios esenciales cubiertos, a excepci\u00f3n del gas, y muestra perspectivas de expansi\u00f3n a partir de la potencialidad del turismo que se suma a las producci\u00f3n agro-ganadera.<\/strong><\/p>\n\n\n\n<p class=\"has-medium-font-size\">&#8220;Intentamos d\u00eda a d\u00eda que la gente y los j\u00f3venes no se nos vayan&#8221;<\/p>\n\n\n\n<p>Marcelo Eugui, destac\u00f3 las acciones municipales en materia de arraigo.<em> &#8220;Intentamos d\u00eda a d\u00eda que la gente y los j\u00f3venes no se nos vayan. Tenemos los tres niveles de educaci\u00f3n, jard\u00edn, primaria y secundaria.. Es un logro que los chicos terminen la secundaria en Crotto y despu\u00e9s si se van a estudiar pero hay muchos que volvieron como profes&#8221;<\/em> valor\u00f3.<\/p>\n\n\n\n<p>Entre los atractivos tur\u00edsticos, mencion\u00f3 la recuperaci\u00f3n de la estaci\u00f3n de trenes &#8220;hace cuatro a\u00f1os cuando la convertimos en un museo&#8221; y complet\u00f3:<em><strong> &#8220;Estamos trabajando en un proyecto de turismo rural con el tema del cant\u00f3n, el balneario. Este a\u00f1o nos ha acompa\u00f1ado la gente en la pileta del club, donde tenemos un camping y es una de las instituciones m\u00e1s queridas. El equipo de f\u00fatbol participa de la liga de Olavarr\u00eda y le buscamos la vuelta para que los j\u00f3venes sientan la identidad y puedan practicar un deporte&#8221;<\/strong><\/em> sostuvo.<\/p>\n\n\n\n<p>Otro de los atractivos es el de la tranquilidad del lugar:<em> &#8220;Hoy hablaba con un productor rural de la zona que tiene su lugar en Buenos Aires me dec\u00eda que no entend\u00eda c\u00f3mo la gente no quiere vivir en lugares como este donde solo se sent\u00eda el canto de los p\u00e1jaros. Estaba encantado y es lo que podemos brindarle a la gente, tranquilidad, seguridad, que los chicos anden en bicicleta o en la plaza&#8221; <\/em>sostuvo el delegado de Crotto.<\/p>\n\n\n\n<p><em><strong>&#8220;Han comprado terrenos vecinos de la zona, o de Buenos Aires y el Gran Buenos Aires. Nos han venido a visitar, aprovechando que vienen a las termas y les gusta el lugar. Est\u00e1n buscando lugares tranquilos&#8221;<\/strong><\/em> asegur\u00f3.<\/p>\n\n\n\n<p>Adem\u00e1s hay dos eventos culturales centrales para el pueblo. <em>&#8220;En abril tenemos la Fiesta de la Mujer Campesina que nos visita mucha gente y ya vamos por la d\u00e9cima edici\u00f3n y el aniversario de la localidad, el 23 de octubre, que se hace el fin de semana m\u00e1s cercano a la fecha&#8221; <\/em>cerr\u00f3.<\/p>\n\n\n\n<p><a href=\"https:\/\/infocielo.com\/cielosports\/anuario-polideportivo-2018\/crotto-el-pueblo-rural-que-inaugura-viviendas-y-espera-la-historica-visita-axel-kicillof-n780210\" target=\"_blank\" rel=\"noreferrer noopener\">La nota completa disponible en el portal Infocielo.<\/a><\/p>\n","protected":false},"excerpt":{"rendered":"<p>Ser\u00e1 una visita hist\u00f3rica para la localidad del partido de Tapalqu\u00e9. Con apenas 300 habitantes, el pueblo de Crotto (Tapalqu\u00e9)<\/p>\n","protected":false},"author":2,"featured_media":108274,"comment_status":"closed","ping_status":"closed","sticky":false,"template":"","format":"standard","meta":{"_jetpack_memberships_contains_paid_content":false,"footnotes":""},"categories":[5,1],"tags":[],"class_list":["post-108273","post","type-post","status-publish","format-standard","has-post-thumbnail","hentry","category-informacion-general","category-portada"],"jetpack_featured_media_url":"https:\/\/i0.wp.com\/cdnoticias.com\/wp-content\/uploads\/2024\/02\/crotto-viviendas-kicillolf.jpg?fit=884%2C456&ssl=1","jetpack_sharing_enabled":true,"_links":{"self":[{"href":"https:\/\/cdnoticias.com\/index.php\/wp-json\/wp\/v2\/posts\/108273","targetHints":{"allow":["GET"]}}],"collection":[{"href":"https:\/\/cdnoticias.com\/index.php\/wp-json\/wp\/v2\/posts"}],"about":[{"href":"https:\/\/cdnoticias.com\/index.php\/wp-json\/wp\/v2\/types\/post"}],"author":[{"embeddable":true,"href":"https:\/\/cdnoticias.com\/index.php\/wp-json\/wp\/v2\/users\/2"}],"replies":[{"embeddable":true,"href":"https:\/\/cdnoticias.com\/index.php\/wp-json\/wp\/v2\/comments?post=108273"}],"version-history":[{"count":0,"href":"https:\/\/cdnoticias.com\/index.php\/wp-json\/wp\/v2\/posts\/108273\/revisions"}],"wp:featuredmedia":[{"embeddable":true,"href":"https:\/\/cdnoticias.com\/index.php\/wp-json\/wp\/v2\/media\/108274"}],"wp:attachment":[{"href":"https:\/\/cdnoticias.com\/index.php\/wp-json\/wp\/v2\/media?parent=108273"}],"wp:term":[{"taxonomy":"category","embeddable":true,"href":"https:\/\/cdnoticias.com\/index.php\/wp-json\/wp\/v2\/categories?post=108273"},{"taxonomy":"post_tag","embeddable":true,"href":"https:\/\/cdnoticias.com\/index.php\/wp-json\/wp\/v2\/tags?post=108273"}],"curies":[{"name":"wp","href":"https:\/\/api.w.org\/{rel}","templated":true}]}}