{"id":108266,"date":"2024-02-07T20:45:02","date_gmt":"2024-02-07T23:45:02","guid":{"rendered":"https:\/\/cdnoticias.com\/?p=108266"},"modified":"2024-02-08T18:55:32","modified_gmt":"2024-02-08T21:55:32","slug":"buscan-recaudar-36-millones-para-el-tratamiento-de-un-joven-accidentado-en-bolivar","status":"publish","type":"post","link":"https:\/\/cdnoticias.com\/index.php\/2024\/02\/07\/buscan-recaudar-36-millones-para-el-tratamiento-de-un-joven-accidentado-en-bolivar\/","title":{"rendered":"Buscan recaudar $ 36 millones para el tratamiento de un joven accidentado en Bol\u00edvar"},"content":{"rendered":"<p>Tom\u00e1s Lizer fue operado dos veces de columna y necesita iniciar la rehabilitaci\u00f3n de un cuadro de cuadriplejia. \u201cTiene una fortaleza y unas ganas de vivir impresionantes\u201d dijo Delfina Braggio sobre el estado de su pareja. C\u00f3mo colaborar.<\/p>\n<p><!--more--><\/p>\n<hr \/>\n<p><strong>Familiares y amigos de Tom\u00e1s Lizer<\/strong>, joven <a href=\"https:\/\/cdnoticias.com\/index.php\/2023\/09\/03\/dos-olavarrienses-con-considerables-heridas-en-un-violento-accidente-en-ruta-205\/\" target=\"_blank\" rel=\"noopener\">accidentado en Bol\u00edvar el 2 de septiembre de 2023<\/a>, agitan por estas horas <strong>una colecta que busca recaudar casi 40 millones de pesos<\/strong>, necesaria para su rehabilitaci\u00f3n.<\/p>\n<blockquote><p>Requiere un tratamiento en un centro especializado, la Cl\u00ednica Fleni de Escobar, que inicialmente se estim\u00f3 en tres meses de duraci\u00f3n y cuyo monto total es de aproximadamente 36 millones de pesos.<\/p><\/blockquote>\n<p><strong>Lizer, de 33 a\u00f1os, sufri\u00f3 severos da\u00f1os f\u00edsicos<\/strong> cuando un cami\u00f3n impact\u00f3 a la camioneta en la que se transportaba <strong>junto a su novia, Delfina Braggio, oriunda de Olavarr\u00eda<\/strong>, en la Ruta Nacional 205. <strong>Tuvo que ser inducido al coma para ser tratado por la rotura de dos v\u00e9rtebras cervicales y una lesi\u00f3n medular. Fue operado dos veces de columna<\/strong>, y necesit\u00f3 de una derivaci\u00f3n al Fleni Escobar para iniciar un tratamiento de rehabilitaci\u00f3n que le permita recuperarse de un cuadro de cuadriplejia. Est\u00e1 alojado en ese centro de salud desde principios de octubre.<\/p>\n<blockquote class=\"instagram-media\" style=\"background: #FFF; border: 0; border-radius: 3px; box-shadow: 0 0 1px 0 rgba(0,0,0,0.5),0 1px 10px 0 rgba(0,0,0,0.15); margin: 1px; max-width: 540px; min-width: 326px; padding: 0; width: calc(100% - 2px);\" data-instgrm-permalink=\"https:\/\/www.instagram.com\/p\/C2yD1rQp3Wc\/?utm_source=ig_embed&amp;utm_campaign=loading\" data-instgrm-version=\"14\">\n<div style=\"padding: 16px;\">\n<div style=\"display: flex; flex-direction: row; align-items: center;\">\n<div style=\"background-color: #f4f4f4; border-radius: 50%; flex-grow: 0; height: 40px; margin-right: 14px; width: 40px;\"><\/div>\n<div style=\"display: flex; flex-direction: column; flex-grow: 1; justify-content: center;\">\n<div style=\"background-color: #f4f4f4; border-radius: 4px; flex-grow: 0; height: 14px; margin-bottom: 6px; width: 100px;\"><\/div>\n<div style=\"background-color: #f4f4f4; border-radius: 4px; flex-grow: 0; height: 14px; width: 60px;\"><\/div>\n<\/div>\n<\/div>\n<div style=\"padding: 19% 0;\"><\/div>\n<div style=\"display: block; height: 50px; margin: 0 auto 12px; width: 50px;\"><\/div>\n<div style=\"padding-top: 8px;\">\n<div style=\"color: #3897f0; font-family: Arial,sans-serif; font-size: 14px; font-style: normal; font-weight: 550; line-height: 18px;\">Ver esta publicaci\u00f3n en Instagram<\/div>\n<\/div>\n<div style=\"padding: 12.5% 0;\"><\/div>\n<div style=\"display: flex; flex-direction: row; margin-bottom: 14px; align-items: center;\">\n<div>\n<div style=\"background-color: #f4f4f4; border-radius: 50%; height: 12.5px; width: 12.5px; transform: translateX(0px) translateY(7px);\"><\/div>\n<div style=\"background-color: #f4f4f4; height: 12.5px; transform: rotate(-45deg) translateX(3px) translateY(1px); width: 12.5px; flex-grow: 0; margin-right: 14px; margin-left: 2px;\"><\/div>\n<div style=\"background-color: #f4f4f4; border-radius: 50%; height: 12.5px; width: 12.5px; transform: translateX(9px) translateY(-18px);\"><\/div>\n<\/div>\n<div style=\"margin-left: 8px;\">\n<div style=\"background-color: #f4f4f4; border-radius: 50%; flex-grow: 0; height: 20px; width: 20px;\"><\/div>\n<div style=\"width: 0; height: 0; border-top: 2px solid transparent; border-left: 6px solid #f4f4f4; border-bottom: 2px solid transparent; transform: translateX(16px) translateY(-4px) rotate(30deg);\"><\/div>\n<\/div>\n<div style=\"margin-left: auto;\">\n<div style=\"width: 0px; border-top: 8px solid #F4F4F4; border-right: 8px solid transparent; transform: translateY(16px);\"><\/div>\n<div style=\"background-color: #f4f4f4; flex-grow: 0; height: 12px; width: 16px; transform: translateY(-4px);\"><\/div>\n<div style=\"width: 0; height: 0; border-top: 8px solid #F4F4F4; border-left: 8px solid transparent; transform: translateY(-4px) translateX(8px);\"><\/div>\n<\/div>\n<\/div>\n<div style=\"display: flex; flex-direction: column; flex-grow: 1; justify-content: center; margin-bottom: 24px;\">\n<div style=\"background-color: #f4f4f4; border-radius: 4px; flex-grow: 0; height: 14px; margin-bottom: 6px; width: 224px;\"><\/div>\n<div style=\"background-color: #f4f4f4; border-radius: 4px; flex-grow: 0; height: 14px; width: 144px;\"><\/div>\n<\/div>\n<p style=\"color: #c9c8cd; font-family: Arial,sans-serif; font-size: 14px; line-height: 17px; margin-bottom: 0; margin-top: 8px; overflow: hidden; padding: 8px 0 7px; text-align: center; text-overflow: ellipsis; white-space: nowrap;\"><a style=\"color: #c9c8cd; font-family: Arial,sans-serif; font-size: 14px; font-style: normal; font-weight: normal; line-height: 17px; text-decoration: none;\" href=\"https:\/\/www.instagram.com\/p\/C2yD1rQp3Wc\/?utm_source=ig_embed&amp;utm_campaign=loading\" target=\"_blank\" rel=\"noopener\">Una publicaci\u00f3n compartida por Todos x Tom (@todosxtom)<\/a><\/p>\n<\/div>\n<\/blockquote>\n<p><script async src=\"\/\/www.instagram.com\/embed.js\"><\/script><\/p>\n<blockquote><p>\u201cTiene una fortaleza y unas ganas de vivir impresionantes\u201d defini\u00f3 Braggio sobre el estado de su pareja para hacer frente al tratamiento en una entrevista con Levantate por Radio Sapiens.<\/p><\/blockquote>\n<p>La mujer aclar\u00f3 que<strong> la suma requerida \u201ces el valor por tres meses de tratamiento, y se estima que vamos a necesitar permanecer ah\u00ed m\u00e1s tiempo\u201d<\/strong>. Tuvo en cuenta que, en base a la informaci\u00f3n a la que ha podido acceder la familia \u201clas lesiones medulares son \u00fanicas, depende la persona, del tratamiento, de la m\u00e9dula misma tambi\u00e9n.<strong> Nadie te puede dar certeza sobre qu\u00e9 es lo que \u00e9l podr\u00eda llegar a recuperar y qu\u00e9 no. Entonces uno est\u00e1 siempre con la esperanza de que \u00e9l recupere lo m\u00e1s que pueda\u201d<\/strong>.<\/p>\n<p><img data-recalc-dims=\"1\" loading=\"lazy\" decoding=\"async\" class=\"wp-image-97728 size-full aligncenter\" src=\"https:\/\/i0.wp.com\/cdnoticias.com\/wp-content\/uploads\/2023\/09\/liser-690x420-1.jpg?resize=800%2C445&#038;ssl=1\" alt=\"\" width=\"800\" height=\"445\" srcset=\"https:\/\/i0.wp.com\/cdnoticias.com\/wp-content\/uploads\/2023\/09\/liser-690x420-1.jpg?w=800&amp;ssl=1 800w, https:\/\/i0.wp.com\/cdnoticias.com\/wp-content\/uploads\/2023\/09\/liser-690x420-1.jpg?resize=300%2C167&amp;ssl=1 300w, https:\/\/i0.wp.com\/cdnoticias.com\/wp-content\/uploads\/2023\/09\/liser-690x420-1.jpg?resize=768%2C427&amp;ssl=1 768w\" sizes=\"auto, (max-width: 800px) 100vw, 800px\" \/><\/p>\n<blockquote><p>Deflina agreg\u00f3 que \u201clo que m\u00e1s nos importa es que \u00e9l pueda volver a ser feliz, porque ustedes se imaginar\u00e1n que de un d\u00eda para otro a nosotros dos y a todos los de nuestra familia nos cambi\u00f3 la vida. En este momento no encontramos felicidad porque estamos batallando con todo esto. Lo m\u00e1s importante para nosotros, justamente, es volver a recuperar algo de independencia\u201d.<\/p><\/blockquote>\n<p>En la<strong> cuenta de Instagram Todos x Tom<\/strong> <a href=\"https:\/\/cdnoticias.com\/index.php\/2023\/09\/28\/colecta-para-pagar-la-rehabilitacion-de-un-joven-olavarriense-accidentado-en-bolivar\/\" target=\"_blank\" rel=\"noopener\">agradecieron por las colaboraciones recibidas el pasado a\u00f1o<\/a>, indispensables para llevar a cabo el traslado, y ahora<strong> vuelven a apelar a la solidaridad de la gente para hacer frente a los elevados costos que implican un tratamiento de esta magnitud.<\/strong><\/p>\n<p>Por ello, se ponen a disposici\u00f3n los siguientes datos:<\/p>\n<ul>\n<li>BBVA\u2013 Alias: todosxtom -Delfina Braggio<\/li>\n<li>PayPal: delfina.braggio@gmail.com<\/li>\n<li>Ethereum y EVM wallet compatible: 0x18268C9a44b4D643453aA7c0a0710158984dE788<\/li>\n<li>BTC: 34he8g2kMwfcxHXJpJDpWhxyzEywTqRBhM<\/li>\n<\/ul>\n","protected":false},"excerpt":{"rendered":"<p>Tom\u00e1s Lizer fue operado dos veces de columna y necesita iniciar la rehabilitaci\u00f3n de un cuadro de cuadriplejia. \u201cTiene una<\/p>\n","protected":false},"author":4,"featured_media":108267,"comment_status":"closed","ping_status":"closed","sticky":false,"template":"","format":"standard","meta":{"_jetpack_memberships_contains_paid_content":false,"footnotes":""},"categories":[5,1],"tags":[],"class_list":["post-108266","post","type-post","status-publish","format-standard","has-post-thumbnail","hentry","category-informacion-general","category-portada"],"jetpack_featured_media_url":"https:\/\/i0.wp.com\/cdnoticias.com\/wp-content\/uploads\/2024\/02\/tomas-lizer.jpg?fit=680%2C464&ssl=1","jetpack_sharing_enabled":true,"_links":{"self":[{"href":"https:\/\/cdnoticias.com\/index.php\/wp-json\/wp\/v2\/posts\/108266","targetHints":{"allow":["GET"]}}],"collection":[{"href":"https:\/\/cdnoticias.com\/index.php\/wp-json\/wp\/v2\/posts"}],"about":[{"href":"https:\/\/cdnoticias.com\/index.php\/wp-json\/wp\/v2\/types\/post"}],"author":[{"embeddable":true,"href":"https:\/\/cdnoticias.com\/index.php\/wp-json\/wp\/v2\/users\/4"}],"replies":[{"embeddable":true,"href":"https:\/\/cdnoticias.com\/index.php\/wp-json\/wp\/v2\/comments?post=108266"}],"version-history":[{"count":0,"href":"https:\/\/cdnoticias.com\/index.php\/wp-json\/wp\/v2\/posts\/108266\/revisions"}],"wp:featuredmedia":[{"embeddable":true,"href":"https:\/\/cdnoticias.com\/index.php\/wp-json\/wp\/v2\/media\/108267"}],"wp:attachment":[{"href":"https:\/\/cdnoticias.com\/index.php\/wp-json\/wp\/v2\/media?parent=108266"}],"wp:term":[{"taxonomy":"category","embeddable":true,"href":"https:\/\/cdnoticias.com\/index.php\/wp-json\/wp\/v2\/categories?post=108266"},{"taxonomy":"post_tag","embeddable":true,"href":"https:\/\/cdnoticias.com\/index.php\/wp-json\/wp\/v2\/tags?post=108266"}],"curies":[{"name":"wp","href":"https:\/\/api.w.org\/{rel}","templated":true}]}}