{"id":108244,"date":"2024-02-07T11:30:51","date_gmt":"2024-02-07T14:30:51","guid":{"rendered":"https:\/\/cdnoticias.com\/?p=108244"},"modified":"2024-02-07T11:31:24","modified_gmt":"2024-02-07T14:31:24","slug":"tras-la-derrota-en-el-congreso-milei-publico-lista-de-leales-y-traidores","status":"publish","type":"post","link":"https:\/\/cdnoticias.com\/index.php\/2024\/02\/07\/tras-la-derrota-en-el-congreso-milei-publico-lista-de-leales-y-traidores\/","title":{"rendered":"Tras la derrota en el Congreso, Milei public\u00f3 lista de \u201cleales y traidores\u201d"},"content":{"rendered":"<p>El Presidente desde Israel fustig\u00f3 a los legisladores de la oposici\u00f3n luego del rev\u00e9s que sufri\u00f3 el proyecto de ley \u201cBases\u201d.<!--more--><\/p>\n<hr \/>\n<p>Tras la ca\u00edda de la<strong> sesi\u00f3n especial en el Congreso para tratar en particular la ley \u201cBases\u201d<\/strong>, el presidente Javier Milei public\u00f3 este mi\u00e9rcoles en sus redes sociales una lista de <strong>diputados \u201cleales y traidores\u201d<\/strong> seg\u00fan su voto y expres\u00f3 que los que votaron en contra \u201cusaron el discurso del cambio para poder rapi\u00f1ar una banca\u201d.<\/p>\n<p>\u201cAqu\u00ed la lista de los leales y los traidores que usaron el discurso del cambio para poder rapi\u00f1ar una banca\u2026 Pasen y vean a los enemigos de una mejor Argentina\u201d, public\u00f3 el Presidente en su cuenta de la red X desde Israel.<\/p>\n<p>De esta manera, Milei reposte\u00f3 una publicaci\u00f3n de la cuenta de la oficina del Presidente en la que se \u201c<strong>agradece el compromiso legislativo del bloque Frente PRO, encabezado por Cristian Ritondo, del diputado Miguel \u00c1ngel Pichetto, y del sector de la UCR que acompa\u00f1\u00f3 el proyecto,<\/strong> as\u00ed como a todos los diputados que este martes votaron a favor en particular de la Ley de Bases y Puntos de Partida para la Libertad de los Argentinos\u201d.<\/p>\n<blockquote class=\"twitter-tweet\" data-width=\"550\" data-dnt=\"true\">\n<p lang=\"es\" dir=\"ltr\">La Oficina del Presidente agradece el compromiso legislativo del bloque Frente PRO, encabezado por Cristian Ritondo, del diputado Miguel \u00c1ngel Pichetto, y del sector de la UCR que acompa\u00f1\u00f3 el proyecto, as\u00ed como a todos los diputados que este martes votaron a favor en particular\u2026<\/p>\n<p>&mdash; Oficina del Presidente (@OPRArgentina) <a href=\"https:\/\/twitter.com\/OPRArgentina\/status\/1755067937453396342?ref_src=twsrc%5Etfw\">February 7, 2024<\/a><\/p><\/blockquote>\n<p><script async src=\"https:\/\/platform.twitter.com\/widgets.js\" charset=\"utf-8\"><\/script><\/p>\n<p>\u201cTambi\u00e9n destaca la traici\u00f3n a sus votantes por parte de todos los bloques que le dieron la espalda a sus promesas de campa\u00f1a por una Argentina distinta. El pueblo jam\u00e1s olvidar\u00e1 los nombres de aquellos que, pudiendo facilitar las reformas que fueron elegidas por el 56% de los argentinos, decidieron seguir haci\u00e9ndole el juego a la casta\u201d, indica la publicaci\u00f3n.<strong> Luego, lista los nombres de los diputados que \u201cvotaron en favor del pueblo\u201d y a continuaci\u00f3n de los que \u201cvotaron en contra del pueblo\u201d.<\/strong><\/p>\n<p>En otra publicaci\u00f3n en X, Milei poste\u00f3 otro texto: \u201cImperdible hilo. Aqu\u00ed podr\u00e1s mapear algunos de <strong>los nombres de la casta empobrecedora con sus caras<\/strong>\u201d y public\u00f3 un texto de un usuario llamado @alexisliberal, que detalla el nombre, la foto y el espacio pol\u00edtico al que pertenece cada legislador que vot\u00f3 en contra de la iniciativa oficial.<\/p>\n<blockquote class=\"twitter-tweet\" data-width=\"550\" data-dnt=\"true\">\n<p lang=\"es\" dir=\"ltr\">IMPERDIBLE HILO<br \/>Aqu\u00ed podr\u00e1s mapear algunos de los nombres de la casta empobrecedora con sus caras&#8230; <a href=\"https:\/\/t.co\/b9PTm58zdk\">https:\/\/t.co\/b9PTm58zdk<\/a><\/p>\n<p>&mdash; Javier Milei (@JMilei) <a href=\"https:\/\/twitter.com\/JMilei\/status\/1755112977978597668?ref_src=twsrc%5Etfw\">February 7, 2024<\/a><\/p><\/blockquote>\n<p><script async src=\"https:\/\/platform.twitter.com\/widgets.js\" charset=\"utf-8\"><\/script><\/p>\n<p>Ayer, la C\u00e1mara de Diputados devolvi\u00f3 a comisi\u00f3n el dictamen de mayor\u00eda de la ley \u201cBases\u201c, que hab\u00eda logrado media sanci\u00f3n general y se estaba tratando en particular, y desde el Gobierno nacional acusaron a los gobernadores de \u201cdestruir\u201d la iniciativa del Poder Ejecutivo. De esta manera, la \u201cmega normativa\u201d que pretend\u00eda la Rosada vuelve a \u201cfoja cero\u201d, es decir, deber\u00e1 discutirse totalmente de nuevo.<\/p>\n<p><em>Fuente: DIB.<\/em><\/p>\n<blockquote class=\"wp-embedded-content\" data-secret=\"tSda5suJJ9\"><p><a href=\"https:\/\/cdnoticias.com\/index.php\/2024\/02\/06\/ley-omnibus-sin-los-votos-garantizados-se-cayo-el-proyecto-en-diputados\/\">Ley \u00d3mnibus: sin los votos garantizados, se cay\u00f3 el Proyecto en diputados<\/a><\/p><\/blockquote>\n<p><iframe loading=\"lazy\" class=\"wp-embedded-content\" sandbox=\"allow-scripts\" security=\"restricted\" style=\"position: absolute; clip: rect(1px, 1px, 1px, 1px);\" title=\"&#8220;Ley \u00d3mnibus: sin los votos garantizados, se cay\u00f3 el Proyecto en diputados&#8221; &#8212; Central de Noticias | Olavarr\u00eda\" src=\"https:\/\/cdnoticias.com\/index.php\/2024\/02\/06\/ley-omnibus-sin-los-votos-garantizados-se-cayo-el-proyecto-en-diputados\/embed\/#?secret=kFrBcRgozp#?secret=tSda5suJJ9\" data-secret=\"tSda5suJJ9\" width=\"600\" height=\"338\" frameborder=\"0\" marginwidth=\"0\" marginheight=\"0\" scrolling=\"no\"><\/iframe><\/p>\n","protected":false},"excerpt":{"rendered":"<p>El Presidente desde Israel fustig\u00f3 a los legisladores de la oposici\u00f3n luego del rev\u00e9s que sufri\u00f3 el proyecto de ley<\/p>\n","protected":false},"author":2,"featured_media":99632,"comment_status":"closed","ping_status":"closed","sticky":false,"template":"","format":"standard","meta":{"_jetpack_memberships_contains_paid_content":false,"footnotes":""},"categories":[6,1],"tags":[],"class_list":["post-108244","post","type-post","status-publish","format-standard","has-post-thumbnail","hentry","category-nacionales","category-portada"],"jetpack_featured_media_url":"https:\/\/i0.wp.com\/cdnoticias.com\/wp-content\/uploads\/2023\/10\/milei.jpg?fit=1081%2C717&ssl=1","jetpack_sharing_enabled":true,"_links":{"self":[{"href":"https:\/\/cdnoticias.com\/index.php\/wp-json\/wp\/v2\/posts\/108244","targetHints":{"allow":["GET"]}}],"collection":[{"href":"https:\/\/cdnoticias.com\/index.php\/wp-json\/wp\/v2\/posts"}],"about":[{"href":"https:\/\/cdnoticias.com\/index.php\/wp-json\/wp\/v2\/types\/post"}],"author":[{"embeddable":true,"href":"https:\/\/cdnoticias.com\/index.php\/wp-json\/wp\/v2\/users\/2"}],"replies":[{"embeddable":true,"href":"https:\/\/cdnoticias.com\/index.php\/wp-json\/wp\/v2\/comments?post=108244"}],"version-history":[{"count":0,"href":"https:\/\/cdnoticias.com\/index.php\/wp-json\/wp\/v2\/posts\/108244\/revisions"}],"wp:featuredmedia":[{"embeddable":true,"href":"https:\/\/cdnoticias.com\/index.php\/wp-json\/wp\/v2\/media\/99632"}],"wp:attachment":[{"href":"https:\/\/cdnoticias.com\/index.php\/wp-json\/wp\/v2\/media?parent=108244"}],"wp:term":[{"taxonomy":"category","embeddable":true,"href":"https:\/\/cdnoticias.com\/index.php\/wp-json\/wp\/v2\/categories?post=108244"},{"taxonomy":"post_tag","embeddable":true,"href":"https:\/\/cdnoticias.com\/index.php\/wp-json\/wp\/v2\/tags?post=108244"}],"curies":[{"name":"wp","href":"https:\/\/api.w.org\/{rel}","templated":true}]}}