{"id":108234,"date":"2024-02-07T10:01:20","date_gmt":"2024-02-07T13:01:20","guid":{"rendered":"https:\/\/cdnoticias.com\/?p=108234"},"modified":"2024-02-07T12:14:43","modified_gmt":"2024-02-07T15:14:43","slug":"alerta-amarillo-por-tormenta-para-miercoles-y-jueves-en-olavarria","status":"publish","type":"post","link":"https:\/\/cdnoticias.com\/index.php\/2024\/02\/07\/alerta-amarillo-por-tormenta-para-miercoles-y-jueves-en-olavarria\/","title":{"rendered":"Alerta amarillo por tormenta para mi\u00e9rcoles y jueves en Olavarr\u00eda"},"content":{"rendered":"<p>El Servicio Meteorol\u00f3gico Nacional emiti\u00f3 la advertencia para el centro bonaerense. Desde el lunes, la lluvia acumulada supera los 100 mil\u00edmetros.<\/p>\n<p><!--more--><\/p>\n<hr \/>\n<p>El <strong>Servicio Meteorol\u00f3gico Nacional<\/strong> emiti\u00f3 un <strong>alerta amarillo por tormenta para mi\u00e9rcoles y jueves<\/strong> en<strong> Olavarr\u00eda<\/strong> y abarca al centro de la provincia de Buenos Aires.<\/p>\n<blockquote><p>Para la ma\u00f1ana de este mi\u00e9rcoles y la madrugada del jueves se indic\u00f3 que \u201cel \u00e1rea ser\u00e1 afectada por tormentas, algunas localmente fuertes. Las mismas podr\u00e1n estar acompa\u00f1adas por abundante ca\u00edda de agua en cortos per\u00edodos, fuerte actividad el\u00e9ctrica, ocasional ca\u00edda de granizo y r\u00e1fagas intensas. Se estiman valores de precipitaci\u00f3n acumulada entre 20 y 50 mm, pudiendo ser superados en forma puntual\u201d.<\/p><\/blockquote>\n<p>En tanto, <strong>desde el lunes la lluvia acumulada en Olavarr\u00eda llega a 101,3 mil\u00edmetros<\/strong>. Durante este mi\u00e9rcoles, y hasta las 9, el registro de agua ca\u00edda es de 15,5 mil\u00edmetros, seg\u00fan detall\u00f3 la Estaci\u00f3n Meteorol\u00f3gico ubicada en el aer\u00f3dromo.<\/p>\n<p><img data-recalc-dims=\"1\" loading=\"lazy\" decoding=\"async\" class=\"size-full wp-image-108168 aligncenter\" src=\"https:\/\/i0.wp.com\/cdnoticias.com\/wp-content\/uploads\/2024\/02\/lluvia-tiempo-clima-02.jpg?resize=800%2C445&#038;ssl=1\" alt=\"\" width=\"800\" height=\"445\" srcset=\"https:\/\/i0.wp.com\/cdnoticias.com\/wp-content\/uploads\/2024\/02\/lluvia-tiempo-clima-02.jpg?w=800&amp;ssl=1 800w, https:\/\/i0.wp.com\/cdnoticias.com\/wp-content\/uploads\/2024\/02\/lluvia-tiempo-clima-02.jpg?resize=300%2C167&amp;ssl=1 300w, https:\/\/i0.wp.com\/cdnoticias.com\/wp-content\/uploads\/2024\/02\/lluvia-tiempo-clima-02.jpg?resize=768%2C427&amp;ssl=1 768w\" sizes=\"auto, (max-width: 800px) 100vw, 800px\" \/><\/p>\n<p>Para este mi\u00e9rcoles en la franja central del pa\u00eds, las advertencias por <strong>tormentas<\/strong> son de <strong>nivel amarillo<\/strong> en las provincias de Buenos Aires y La Pampa. En territorio bonaerense est\u00e1n incluidos una veintena de municipios del centro y oeste. Adem\u00e1s de Olavarr\u00eda, se cuentan<strong> La Madrid, Laprida, Azul, Rauch, Tapalqu\u00e9, Benito Ju\u00e1rez, Tandil, Bol\u00edvar y Daireaux.<\/strong><\/p>\n<blockquote><p>Para Olavarr\u00eda, el pron\u00f3stico de lluvia se mantiene hasta la ma\u00f1ana del s\u00e1bado.<\/p><\/blockquote>\n","protected":false},"excerpt":{"rendered":"<p>El Servicio Meteorol\u00f3gico Nacional emiti\u00f3 la advertencia para el centro bonaerense. Desde el lunes, la lluvia acumulada supera los 100<\/p>\n","protected":false},"author":4,"featured_media":108235,"comment_status":"closed","ping_status":"closed","sticky":false,"template":"","format":"standard","meta":{"_jetpack_memberships_contains_paid_content":false,"footnotes":""},"categories":[5,1],"tags":[],"class_list":["post-108234","post","type-post","status-publish","format-standard","has-post-thumbnail","hentry","category-informacion-general","category-portada"],"jetpack_featured_media_url":"https:\/\/i0.wp.com\/cdnoticias.com\/wp-content\/uploads\/2024\/02\/lluvia-clima-tiempo-1.jpg?fit=1000%2C557&ssl=1","jetpack_sharing_enabled":true,"_links":{"self":[{"href":"https:\/\/cdnoticias.com\/index.php\/wp-json\/wp\/v2\/posts\/108234","targetHints":{"allow":["GET"]}}],"collection":[{"href":"https:\/\/cdnoticias.com\/index.php\/wp-json\/wp\/v2\/posts"}],"about":[{"href":"https:\/\/cdnoticias.com\/index.php\/wp-json\/wp\/v2\/types\/post"}],"author":[{"embeddable":true,"href":"https:\/\/cdnoticias.com\/index.php\/wp-json\/wp\/v2\/users\/4"}],"replies":[{"embeddable":true,"href":"https:\/\/cdnoticias.com\/index.php\/wp-json\/wp\/v2\/comments?post=108234"}],"version-history":[{"count":0,"href":"https:\/\/cdnoticias.com\/index.php\/wp-json\/wp\/v2\/posts\/108234\/revisions"}],"wp:featuredmedia":[{"embeddable":true,"href":"https:\/\/cdnoticias.com\/index.php\/wp-json\/wp\/v2\/media\/108235"}],"wp:attachment":[{"href":"https:\/\/cdnoticias.com\/index.php\/wp-json\/wp\/v2\/media?parent=108234"}],"wp:term":[{"taxonomy":"category","embeddable":true,"href":"https:\/\/cdnoticias.com\/index.php\/wp-json\/wp\/v2\/categories?post=108234"},{"taxonomy":"post_tag","embeddable":true,"href":"https:\/\/cdnoticias.com\/index.php\/wp-json\/wp\/v2\/tags?post=108234"}],"curies":[{"name":"wp","href":"https:\/\/api.w.org\/{rel}","templated":true}]}}