{"id":108228,"date":"2024-02-07T08:43:00","date_gmt":"2024-02-07T11:43:00","guid":{"rendered":"https:\/\/cdnoticias.com\/?p=108228"},"modified":"2024-02-07T12:14:47","modified_gmt":"2024-02-07T15:14:47","slug":"el-intendente-wesner-encabezo-una-reunion-de-seguridad-con-delegados-de-las-localidades","status":"publish","type":"post","link":"https:\/\/cdnoticias.com\/index.php\/2024\/02\/07\/el-intendente-wesner-encabezo-una-reunion-de-seguridad-con-delegados-de-las-localidades\/","title":{"rendered":"El intendente Wesner encabez\u00f3 una reuni\u00f3n de seguridad con delegados de las localidades"},"content":{"rendered":"<p>Terrenos bald\u00edos, acumulaci\u00f3n de basura y aguas servidas, entre las principales problem\u00e1ticas planteadas. Se acord\u00f3 \u201cla importancia de implementar estrategias y mecanismos de prevenci\u00f3n conjunta, en articulaci\u00f3n con las subcomisar\u00edas\u201d. Para Protecci\u00f3n Ciudadana era \u201cimperioso\u201d concretar la reuni\u00f3n para abordar la seguridad en cada localidad.<\/p>\n<p><!--more--><\/p>\n<hr \/>\n<p><strong>Maximiliano Wesner, la jefa de Gabinete Mercedes Land\u00edvar y el subsecretario de Seguridad El\u00edas Quintas<\/strong>, mantuvieron en la ma\u00f1ana del martes una reuni\u00f3n con <strong>delegados y delegadas municipales<\/strong> con la finalidad de <strong>abordar temas que hacen a la seguridad en las localidades<\/strong>.<\/p>\n<p>Del encuentro \u2013que tuvo lugar en el Sal\u00f3n Blanco del Palacio San Mart\u00edn- participaron <strong>Luis Mansur (Espigas), N\u00e9stor Crevat\u00edn (Sierra Chica), Guillermo Rikal (Sierras Bayas), Mariel Arouxet (Santa Luisa), Claudia Ricci (Recalde), Gabriel Suburu (Loma Negra) y Cecilia Roth (Hinojo)<\/strong>.<\/p>\n<p>En representaci\u00f3n del \u00e1rea que tiene intervenci\u00f3n en la tem\u00e1tica, se encontraban presentes el<strong> subsecretario de Seguridad El\u00edas Quintas, el coordinador de Control Urbano Pablo Maccarini, el director del Centro de Monitoreo Facundo Campi y el director de Defensa Civil Adri\u00e1n Guevara<\/strong>.<\/p>\n<blockquote><p>Se destac\u00f3 que \u201centre las principales problem\u00e1ticas comunes a las localidades que fueron planteadas por parte de los delegados se encuentran: terrenos bald\u00edos, acumulaci\u00f3n de basura, aguas servidas, animales sueltos, tenencia responsable de mascotas, ruidos molestos (escapes de moto y picadas), robo de cables, falta de iluminaci\u00f3n y conflictos vecinales en \u00faltima instancia\u201d.<\/p><\/blockquote>\n<p>En el marco del encuentro se acord\u00f3 \u201cla importancia de <strong>implementar estrategias y mecanismos de prevenci\u00f3n conjunta, en articulaci\u00f3n con las subcomisar\u00edas<\/strong> que funcionan en cada localidad\u201d.<\/p>\n<p>En este punto se hizo hincapi\u00e9 en <strong>\u201creforzar la presencia policial <\/strong>para atender distintas <strong>cuestiones de seguridad y tr\u00e1nsito<\/strong>, especialmente en lo que se refiere a <strong>motos, ruidos molestos y hechos delictivos<\/strong> de distintas \u00edndole\u201d.<\/p>\n<blockquote><p>Desde el \u00e1rea de Protecci\u00f3n Ciudadana se\u00f1alaron que era \u201cimperioso\u201d la realizaci\u00f3n de esta reuni\u00f3n para abordar de manera sistem\u00e1tica la realidad en materia de seguridad en cada localidad, teniendo en cuenta su complejidad y caracter\u00edsticas particulares.<\/p><\/blockquote>\n<p>En ese sentido <em>se agradeci\u00f3 y valor\u00f3 el aporte brindado por cada delegado \u201cque permitir\u00e1 delinear un plan de trabajo estrat\u00e9gico conjunto entre Municipio, Polic\u00eda y Delegaciones, a los fines de una mayor operatividad\u201d<\/em>.<\/p>\n<p>Otro de los puntos planteados, se refiri\u00f3 a la <strong>importancia de utilizar la l\u00ednea telef\u00f3nica 147 para denuncias, reclamos y consultas<\/strong>, que resulta m\u00e1s \u00e1gil y accesible para el vecino, y que adem\u00e1s permite la intervenci\u00f3n directa del \u00e1rea municipal, el registro y el seguimiento de la situaci\u00f3n puntual, en pos de brindar una soluci\u00f3n.<\/p>\n","protected":false},"excerpt":{"rendered":"<p>Terrenos bald\u00edos, acumulaci\u00f3n de basura y aguas servidas, entre las principales problem\u00e1ticas planteadas. Se acord\u00f3 \u201cla importancia de implementar estrategias<\/p>\n","protected":false},"author":4,"featured_media":108229,"comment_status":"closed","ping_status":"closed","sticky":false,"template":"","format":"standard","meta":{"_jetpack_memberships_contains_paid_content":false,"footnotes":""},"categories":[5,1],"tags":[],"class_list":["post-108228","post","type-post","status-publish","format-standard","has-post-thumbnail","hentry","category-informacion-general","category-portada"],"jetpack_featured_media_url":"https:\/\/i0.wp.com\/cdnoticias.com\/wp-content\/uploads\/2024\/02\/wesner-delegados-seguridad.jpg?fit=1000%2C557&ssl=1","jetpack_sharing_enabled":true,"_links":{"self":[{"href":"https:\/\/cdnoticias.com\/index.php\/wp-json\/wp\/v2\/posts\/108228","targetHints":{"allow":["GET"]}}],"collection":[{"href":"https:\/\/cdnoticias.com\/index.php\/wp-json\/wp\/v2\/posts"}],"about":[{"href":"https:\/\/cdnoticias.com\/index.php\/wp-json\/wp\/v2\/types\/post"}],"author":[{"embeddable":true,"href":"https:\/\/cdnoticias.com\/index.php\/wp-json\/wp\/v2\/users\/4"}],"replies":[{"embeddable":true,"href":"https:\/\/cdnoticias.com\/index.php\/wp-json\/wp\/v2\/comments?post=108228"}],"version-history":[{"count":0,"href":"https:\/\/cdnoticias.com\/index.php\/wp-json\/wp\/v2\/posts\/108228\/revisions"}],"wp:featuredmedia":[{"embeddable":true,"href":"https:\/\/cdnoticias.com\/index.php\/wp-json\/wp\/v2\/media\/108229"}],"wp:attachment":[{"href":"https:\/\/cdnoticias.com\/index.php\/wp-json\/wp\/v2\/media?parent=108228"}],"wp:term":[{"taxonomy":"category","embeddable":true,"href":"https:\/\/cdnoticias.com\/index.php\/wp-json\/wp\/v2\/categories?post=108228"},{"taxonomy":"post_tag","embeddable":true,"href":"https:\/\/cdnoticias.com\/index.php\/wp-json\/wp\/v2\/tags?post=108228"}],"curies":[{"name":"wp","href":"https:\/\/api.w.org\/{rel}","templated":true}]}}