{"id":108210,"date":"2024-02-06T17:37:42","date_gmt":"2024-02-06T20:37:42","guid":{"rendered":"https:\/\/cdnoticias.com\/?p=108210"},"modified":"2024-02-07T08:43:22","modified_gmt":"2024-02-07T11:43:22","slug":"detuvieron-a-un-hombre-por-al-menos-40-hechos-de-violencia-familiar-y-de-genero","status":"publish","type":"post","link":"https:\/\/cdnoticias.com\/index.php\/2024\/02\/06\/detuvieron-a-un-hombre-por-al-menos-40-hechos-de-violencia-familiar-y-de-genero\/","title":{"rendered":"Detuvieron a un hombre por al menos 40 hechos de violencia familiar y de g\u00e9nero"},"content":{"rendered":"\n<p>Enfrenta causas por amenazas simples, hurto, violaci\u00f3n de domicilio, da\u00f1o, coacci\u00f3n simple, y 22 desobediencias. En el allanamiento de su domicilio secuestraron un celular y un aire comprimido.<\/p>\n\n\n\n<hr class=\"wp-block-separator aligncenter has-alpha-channel-opacity\"\/>\n\n\n\n<p>En la jornada de este martes, personal de Comisar\u00eda Segunda <strong>detuvo a un hombre de 34 a\u00f1os acusado de al menos 40 hechos vinculados a violencia familiar y de g\u00e9nero.<\/strong><\/p>\n\n\n\n<p>Seg\u00fan se expres\u00f3, el Juez de Garant\u00edas Carlos Villamar\u00edn dispuso la detenci\u00f3n y <strong>orden\u00f3 un allanamiento en el domicilio del hombre (en jurisdicci\u00f3n de Comisar\u00eda Segunda),<\/strong> identificado como Maximiliano Jos\u00e9 Zapata.<\/p>\n\n\n\n<blockquote class=\"wp-block-quote is-layout-flow wp-block-quote-is-layout-flow\">\n<p>Se lo considera autor, seg\u00fan se explic\u00f3, de los delitos de Amenazas simples \u2013ocho hechos- hurto simple, violaci\u00f3n de domicilio -tres hechos-, da\u00f1o simple \u2013seis hechos-, coacci\u00f3n simple \u2013cuatro hechos-, desobediencias \u2013veintid\u00f3s hechos &#8211; en concurso real y en contexto de violencia familiar y de g\u00e9nero.<\/p>\n<\/blockquote>\n\n\n\n<p>En el allanamiento, <strong>adem\u00e1s de detener al morador de la casa se secuestr\u00f3 un celular y un rifle de aire comprimido, que se expres\u00f3 \u201cde inter\u00e9s para la investigaci\u00f3n\u201d.<\/strong><\/p>\n\n\n\n<p>Zapata fue trasladado a la Comisar\u00eda Segunda donde qued\u00f3 a disposici\u00f3n de la UFI interviniente (N\u00b05 a cargo de la doctora Viceconte), y se le tomar\u00e1 declaraci\u00f3n indagatoria este mi\u00e9rcoles por la ma\u00f1ana.<\/p>\n","protected":false},"excerpt":{"rendered":"<p>Enfrenta causas por amenazas simples, hurto, violaci\u00f3n de domicilio, da\u00f1o, coacci\u00f3n simple, y 22 desobediencias. En el allanamiento de su<\/p>\n","protected":false},"author":2,"featured_media":108211,"comment_status":"closed","ping_status":"closed","sticky":false,"template":"","format":"standard","meta":{"_jetpack_memberships_contains_paid_content":false,"footnotes":""},"categories":[14,1],"tags":[],"class_list":["post-108210","post","type-post","status-publish","format-standard","has-post-thumbnail","hentry","category-policiales","category-portada"],"jetpack_featured_media_url":"https:\/\/i0.wp.com\/cdnoticias.com\/wp-content\/uploads\/2024\/02\/WhatsApp-Image-2024-02-06-at-15.00.54.jpeg?fit=713%2C396&ssl=1","jetpack_sharing_enabled":true,"_links":{"self":[{"href":"https:\/\/cdnoticias.com\/index.php\/wp-json\/wp\/v2\/posts\/108210","targetHints":{"allow":["GET"]}}],"collection":[{"href":"https:\/\/cdnoticias.com\/index.php\/wp-json\/wp\/v2\/posts"}],"about":[{"href":"https:\/\/cdnoticias.com\/index.php\/wp-json\/wp\/v2\/types\/post"}],"author":[{"embeddable":true,"href":"https:\/\/cdnoticias.com\/index.php\/wp-json\/wp\/v2\/users\/2"}],"replies":[{"embeddable":true,"href":"https:\/\/cdnoticias.com\/index.php\/wp-json\/wp\/v2\/comments?post=108210"}],"version-history":[{"count":0,"href":"https:\/\/cdnoticias.com\/index.php\/wp-json\/wp\/v2\/posts\/108210\/revisions"}],"wp:featuredmedia":[{"embeddable":true,"href":"https:\/\/cdnoticias.com\/index.php\/wp-json\/wp\/v2\/media\/108211"}],"wp:attachment":[{"href":"https:\/\/cdnoticias.com\/index.php\/wp-json\/wp\/v2\/media?parent=108210"}],"wp:term":[{"taxonomy":"category","embeddable":true,"href":"https:\/\/cdnoticias.com\/index.php\/wp-json\/wp\/v2\/categories?post=108210"},{"taxonomy":"post_tag","embeddable":true,"href":"https:\/\/cdnoticias.com\/index.php\/wp-json\/wp\/v2\/tags?post=108210"}],"curies":[{"name":"wp","href":"https:\/\/api.w.org\/{rel}","templated":true}]}}