{"id":108206,"date":"2024-02-06T17:05:27","date_gmt":"2024-02-06T20:05:27","guid":{"rendered":"https:\/\/cdnoticias.com\/?p=108206"},"modified":"2024-02-06T19:47:15","modified_gmt":"2024-02-06T22:47:15","slug":"axel-kicillof-visitara-olavarria-con-varias-actividades-entregara-una-ambulancia","status":"publish","type":"post","link":"https:\/\/cdnoticias.com\/index.php\/2024\/02\/06\/axel-kicillof-visitara-olavarria-con-varias-actividades-entregara-una-ambulancia\/","title":{"rendered":"Axel Kicillof visitar\u00e1 Olavarr\u00eda con varias actividades: entregar\u00e1 una ambulancia"},"content":{"rendered":"\n<p>Ser\u00e1 este viernes. Tambi\u00e9n har\u00e1 entrega las \u00faltimas viviendas del barrio Educadores y una camioneta para el \u00e1rea de Educaci\u00f3n Especial.<\/p>\n\n\n\n<hr class=\"wp-block-separator aligncenter has-alpha-channel-opacity\"\/>\n\n\n\n<p>El <strong>gobernador de la Provincia, Axel Kicillof, visitar\u00e1 Olavarr\u00eda este viernes para hacer varias actividades de gesti\u00f3n<\/strong>, con \u00e9nfasis en la entrega de una nueva ambulancia para el Hospital Municipal. \u00a0<\/p>\n\n\n\n<p>Las actividades tendr\u00e1n centralidad<strong> desde las 10 de la ma\u00f1ana en Rend\u00f3n y La Rioja, lugar donde el mandatario bonaerense tambi\u00e9n har\u00e1 entrega de las \u00faltimas viviendas del Barrio Educadores.<\/strong><\/p>\n\n\n\n<p>Adem\u00e1s, el mandatario<strong> destinar\u00e1 una camioneta para Educaci\u00f3n Especial.<\/strong><\/p>\n\n\n\n<p><strong>Las \u00faltimas 9 viviendas del Barrio Educadores significan la terminaci\u00f3n de esta urbanizaci\u00f3n despu\u00e9s de m\u00e1s de 20 a\u00f1os.<\/strong><\/p>\n\n\n\n<p>En cuanto a la inversi\u00f3n en ambulancias,<strong> la gesti\u00f3n de Kicillof ya distribuy\u00f3 m\u00e1s de 300 unidades completamente equipadas en toda la provincia de Buenos Aires. En septiembre pasado hab\u00eda entregado la \u00faltima en Olavarr\u00eda.<\/strong><\/p>\n\n\n\n<p>Luego de su \u00faltima llegada a la ciudad en noviembre cuando realiz\u00f3 un acto de campa\u00f1a para el Balotaje a favor de Sergio Massa,<strong> ser\u00e1 la primera visita del gobernador con Maximiliano Wesner como intendente de Olavarr\u00eda.<\/strong><\/p>\n","protected":false},"excerpt":{"rendered":"<p>Ser\u00e1 este viernes. Tambi\u00e9n har\u00e1 entrega las \u00faltimas viviendas del barrio Educadores y una camioneta para el \u00e1rea de Educaci\u00f3n<\/p>\n","protected":false},"author":2,"featured_media":101340,"comment_status":"closed","ping_status":"closed","sticky":false,"template":"","format":"standard","meta":{"_jetpack_memberships_contains_paid_content":false,"footnotes":""},"categories":[4,1],"tags":[],"class_list":["post-108206","post","type-post","status-publish","format-standard","has-post-thumbnail","hentry","category-politica","category-portada"],"jetpack_featured_media_url":"https:\/\/i0.wp.com\/cdnoticias.com\/wp-content\/uploads\/2023\/11\/kicillof-en-olavarria-33.jpg?fit=1000%2C556&ssl=1","jetpack_sharing_enabled":true,"_links":{"self":[{"href":"https:\/\/cdnoticias.com\/index.php\/wp-json\/wp\/v2\/posts\/108206","targetHints":{"allow":["GET"]}}],"collection":[{"href":"https:\/\/cdnoticias.com\/index.php\/wp-json\/wp\/v2\/posts"}],"about":[{"href":"https:\/\/cdnoticias.com\/index.php\/wp-json\/wp\/v2\/types\/post"}],"author":[{"embeddable":true,"href":"https:\/\/cdnoticias.com\/index.php\/wp-json\/wp\/v2\/users\/2"}],"replies":[{"embeddable":true,"href":"https:\/\/cdnoticias.com\/index.php\/wp-json\/wp\/v2\/comments?post=108206"}],"version-history":[{"count":0,"href":"https:\/\/cdnoticias.com\/index.php\/wp-json\/wp\/v2\/posts\/108206\/revisions"}],"wp:featuredmedia":[{"embeddable":true,"href":"https:\/\/cdnoticias.com\/index.php\/wp-json\/wp\/v2\/media\/101340"}],"wp:attachment":[{"href":"https:\/\/cdnoticias.com\/index.php\/wp-json\/wp\/v2\/media?parent=108206"}],"wp:term":[{"taxonomy":"category","embeddable":true,"href":"https:\/\/cdnoticias.com\/index.php\/wp-json\/wp\/v2\/categories?post=108206"},{"taxonomy":"post_tag","embeddable":true,"href":"https:\/\/cdnoticias.com\/index.php\/wp-json\/wp\/v2\/tags?post=108206"}],"curies":[{"name":"wp","href":"https:\/\/api.w.org\/{rel}","templated":true}]}}