{"id":108194,"date":"2024-02-05T23:45:28","date_gmt":"2024-02-06T14:22:22","guid":{"rendered":"https:\/\/cdnoticias.com\/?p=108194"},"modified":"2025-02-12T23:32:51","modified_gmt":"2025-02-13T02:32:51","slug":"michael-boccagni-inicio-con-podio-la-temporada-del-turismo-pista","status":"publish","type":"post","link":"https:\/\/cdnoticias.com\/index.php\/2024\/02\/05\/michael-boccagni-inicio-con-podio-la-temporada-del-turismo-pista\/","title":{"rendered":"Michael Boccagni inici\u00f3 con podio la temporada del Turismo Pista"},"content":{"rendered":"<p>Las tres divisionales del Turismo Pista iniciaron la temporada 2023 en el aut\u00f3dromo de Concepci\u00f3n del Uruguay y Michael Boccagni culmin\u00f3 tercero en la final de la Clase 1. Francisco Suarez, Joaqu\u00edn Melo y Tom\u00e1s Mart\u00edn fueron los vencedores.<!--more--><\/p>\n<hr \/>\n<p>La primera fecha del<strong> Turismo Pista<\/strong> se disput\u00f3 este fin de semana en el <strong>aut\u00f3dromo de Concepci\u00f3n del Uruguay<\/strong> y cuatro olavarriense estuvieron presentes en la provincia de Entre R\u00edos.<\/p>\n<p>&nbsp;<\/p>\n<p>El piloto local, <strong>Michael Boccagni<\/strong> termin\u00f3 en la tercera colocaci\u00f3n en la final de la Clase 1, y <strong>fue el mejor de los pilotos de la ciudad en la excursi\u00f3n de la categor\u00eda en tierras entrerrianas<\/strong>.<\/p>\n<p>&nbsp;<\/p>\n<p>La final tuvo como claro dominador Francisco Su\u00e1rez, que venci\u00f3 sin mayores complicaciones y con una c\u00f3moda diferencia. Segundo fue Conrado Sama, y tercero en pista hab\u00eda terminado Ignacio Rodr\u00edguez, que super\u00f3 en el \u00faltimo giro a Michael Boccagni, pero los comisarios deportivos analizaron la maniobra una vez culminada la competencia y decidieron ubicarlo detr\u00e1s del piloto olavarriense.<\/p>\n<p>&nbsp;<\/p>\n<p>Gran trabajo del piloto local que pudo culminar en el podio y redondear un gran fin de semana, hab\u00eda sido tercero tambi\u00e9n la serie.<\/p>\n<p>&nbsp;<\/p>\n<p><img data-recalc-dims=\"1\" loading=\"lazy\" decoding=\"async\" class=\"aligncenter size-full wp-image-47381\" src=\"https:\/\/i0.wp.com\/cdnoticias.com\/wp-content\/uploads\/2024\/02\/1%C2%B0-fecha-Turismo-Pista-2024b-e1707187405763.jpeg?resize=800%2C453&#038;ssl=1\" alt=\"\" width=\"800\" height=\"453\" \/><\/p>\n<p>&nbsp;<\/p>\n<p>En esta divisional menor estuvo presente tambi\u00e9n <strong>Nicol\u00e1s Romero<\/strong>, que culmin\u00f3 viendo la bandera a cuadros en el d\u00e9cimo cuarto lugar, luego de avanzar varias posiciones tras partir desde el trig\u00e9simo puesto.<\/p>\n<p>&nbsp;<\/p>\n<p><strong>Nicol\u00e1s Benito<\/strong> fue otro de los grandes protagonistas que tuvo el Pista en esta primera fecha, luego de ser segundo en la serie, parti\u00f3 la final para luchar por un podio, pero debi\u00f3 superar algunos toques en el arranque y una temprana rotura en el Fiat Uno lo oblig\u00f3 a abandonar.<\/p>\n<p>&nbsp;<\/p>\n<p><img data-recalc-dims=\"1\" loading=\"lazy\" decoding=\"async\" class=\"aligncenter size-full wp-image-47383\" src=\"https:\/\/i0.wp.com\/cdnoticias.com\/wp-content\/uploads\/2024\/02\/1%C2%B0-fecha-Turismo-Pista-2024-e1707187387140.jpeg?resize=800%2C453&#038;ssl=1\" alt=\"\" width=\"800\" height=\"453\" \/><\/p>\n<p>&nbsp;<\/p>\n<p>En la Clase 2 no hubo presencia olavarriense y Joaqu\u00edn Melo se qued\u00f3 con el triunfo. El podio lo complet\u00f3 Alan Buchholz y Francisco Cal\u00f3.<\/p>\n<p>&nbsp;<\/p>\n<p>Jorge Possiel se qued\u00f3 con el triunfo en la clase 3, Exequiel Bastidas fue segundo y Tomas Mart\u00edn complet\u00f3 el podio.<\/p>\n<p>&nbsp;<\/p>\n<p><strong>Santiago Tambucci<\/strong> fue el representante local en esta divisional, pero no tuvo un buen fin de semana. El s\u00e1bado pudo arribar d\u00e9cimo en una luchada serie, pero parti\u00f3 desde el puesto 30\u00ba y cuando ven\u00eda avanzando algunas posiciones tuvo que abandonar.<\/p>\n<p>&nbsp;<\/p>\n<p><strong>El 3 de marzo ser\u00e1 la pr\u00f3xima fecha en el aut\u00f3dromo \u201cRoberto Mouras\u201d de La Plata<\/strong>.<\/p>\n","protected":false},"excerpt":{"rendered":"<p>Las tres divisionales del Turismo Pista iniciaron la temporada 2023 en el aut\u00f3dromo de Concepci\u00f3n del Uruguay y Michael Boccagni<\/p>\n","protected":false},"author":96739694,"featured_media":159577,"comment_status":"closed","ping_status":"closed","sticky":false,"template":"","format":"standard","meta":{"_jetpack_memberships_contains_paid_content":false,"footnotes":""},"categories":[34,1,49],"tags":[],"class_list":["post-108194","post","type-post","status-publish","format-standard","has-post-thumbnail","hentry","category-automovilismo","category-portada","category-turismo-pista"],"jetpack_featured_media_url":"https:\/\/i0.wp.com\/cdnoticias.com\/wp-content\/uploads\/2024\/02\/1%C2%B0-fecha-Turismo-Pista-2024a-e1707187362503.jpeg?fit=1000%2C560&ssl=1","jetpack_sharing_enabled":true,"_links":{"self":[{"href":"https:\/\/cdnoticias.com\/index.php\/wp-json\/wp\/v2\/posts\/108194","targetHints":{"allow":["GET"]}}],"collection":[{"href":"https:\/\/cdnoticias.com\/index.php\/wp-json\/wp\/v2\/posts"}],"about":[{"href":"https:\/\/cdnoticias.com\/index.php\/wp-json\/wp\/v2\/types\/post"}],"author":[{"embeddable":true,"href":"https:\/\/cdnoticias.com\/index.php\/wp-json\/wp\/v2\/users\/96739694"}],"replies":[{"embeddable":true,"href":"https:\/\/cdnoticias.com\/index.php\/wp-json\/wp\/v2\/comments?post=108194"}],"version-history":[{"count":0,"href":"https:\/\/cdnoticias.com\/index.php\/wp-json\/wp\/v2\/posts\/108194\/revisions"}],"wp:featuredmedia":[{"embeddable":true,"href":"https:\/\/cdnoticias.com\/index.php\/wp-json\/wp\/v2\/media\/159577"}],"wp:attachment":[{"href":"https:\/\/cdnoticias.com\/index.php\/wp-json\/wp\/v2\/media?parent=108194"}],"wp:term":[{"taxonomy":"category","embeddable":true,"href":"https:\/\/cdnoticias.com\/index.php\/wp-json\/wp\/v2\/categories?post=108194"},{"taxonomy":"post_tag","embeddable":true,"href":"https:\/\/cdnoticias.com\/index.php\/wp-json\/wp\/v2\/tags?post=108194"}],"curies":[{"name":"wp","href":"https:\/\/api.w.org\/{rel}","templated":true}]}}