{"id":108181,"date":"2024-02-06T07:51:41","date_gmt":"2024-02-06T10:51:41","guid":{"rendered":"https:\/\/cdnoticias.com\/?p=108181"},"modified":"2024-02-06T07:52:23","modified_gmt":"2024-02-06T10:52:23","slug":"maximo-raul-gomez-camilo-q-e-p-d","status":"publish","type":"post","link":"https:\/\/cdnoticias.com\/index.php\/2024\/02\/06\/maximo-raul-gomez-camilo-q-e-p-d\/","title":{"rendered":"M\u00e1ximo Ra\u00fal G\u00f3mez \u201cCamilo\u201d (Q.E.P.D.)"},"content":{"rendered":"<p>Falleci\u00f3 en Olavarr\u00eda el 6 de febrero de 2024 a los 88 a\u00f1os de edad. Su hija Sandra; su hijo pol\u00edtico Carlos; sus nietos Timo y Magui; su nieta pol\u00edtica Anto; sus hermanos, sobrinos y dem\u00e1s deudos participan de su fallecimiento. Se ruega no enviar flores. <\/p>\n<p>Sus restos son velados en Espa\u00f1a 2942 departamento &#8221; C&#8221; (finaliza a las 12:00) y ser\u00e1n cremados en Crematorio Pinos de Paz en d\u00eda y horario a confirmar, previo responso en la capilla ardiente. Servicio adherido a Coopelectric. Vecino de barrio Jard\u00edn. Nacido en San Jorge. Jubilado de la Polic\u00eda Bonaerense. Chofer de transporte \u201cRicardo Tuccio\u201d. <\/p>\n","protected":false},"excerpt":{"rendered":"<p>Falleci\u00f3 en Olavarr\u00eda el 6 de febrero de 2024 a los 88 a\u00f1os de edad. Su hija Sandra; su hijo<\/p>\n","protected":false},"author":2,"featured_media":100390,"comment_status":"closed","ping_status":"closed","sticky":false,"template":"","format":"standard","meta":{"_jetpack_memberships_contains_paid_content":false,"footnotes":""},"categories":[10],"tags":[],"class_list":["post-108181","post","type-post","status-publish","format-standard","has-post-thumbnail","hentry","category-necrologicas"],"jetpack_featured_media_url":"https:\/\/i0.wp.com\/cdnoticias.com\/wp-content\/uploads\/2023\/10\/necrologicas-390-x-240.jpg?fit=390%2C240&ssl=1","jetpack_sharing_enabled":true,"_links":{"self":[{"href":"https:\/\/cdnoticias.com\/index.php\/wp-json\/wp\/v2\/posts\/108181","targetHints":{"allow":["GET"]}}],"collection":[{"href":"https:\/\/cdnoticias.com\/index.php\/wp-json\/wp\/v2\/posts"}],"about":[{"href":"https:\/\/cdnoticias.com\/index.php\/wp-json\/wp\/v2\/types\/post"}],"author":[{"embeddable":true,"href":"https:\/\/cdnoticias.com\/index.php\/wp-json\/wp\/v2\/users\/2"}],"replies":[{"embeddable":true,"href":"https:\/\/cdnoticias.com\/index.php\/wp-json\/wp\/v2\/comments?post=108181"}],"version-history":[{"count":0,"href":"https:\/\/cdnoticias.com\/index.php\/wp-json\/wp\/v2\/posts\/108181\/revisions"}],"wp:featuredmedia":[{"embeddable":true,"href":"https:\/\/cdnoticias.com\/index.php\/wp-json\/wp\/v2\/media\/100390"}],"wp:attachment":[{"href":"https:\/\/cdnoticias.com\/index.php\/wp-json\/wp\/v2\/media?parent=108181"}],"wp:term":[{"taxonomy":"category","embeddable":true,"href":"https:\/\/cdnoticias.com\/index.php\/wp-json\/wp\/v2\/categories?post=108181"},{"taxonomy":"post_tag","embeddable":true,"href":"https:\/\/cdnoticias.com\/index.php\/wp-json\/wp\/v2\/tags?post=108181"}],"curies":[{"name":"wp","href":"https:\/\/api.w.org\/{rel}","templated":true}]}}