{"id":108179,"date":"2024-02-05T20:08:42","date_gmt":"2024-02-05T23:08:42","guid":{"rendered":"https:\/\/cdnoticias.com\/?p=108179"},"modified":"2024-02-06T08:34:51","modified_gmt":"2024-02-06T11:34:51","slug":"tarifa-de-luz-en-principio-subira-100-aunque-adelantaron-un-incremento-mayor","status":"publish","type":"post","link":"https:\/\/cdnoticias.com\/index.php\/2024\/02\/05\/tarifa-de-luz-en-principio-subira-100-aunque-adelantaron-un-incremento-mayor\/","title":{"rendered":"Tarifa de luz: en principio subir\u00e1 100% aunque adelantaron un incremento mayor"},"content":{"rendered":"\n<p>Ser\u00e1 para los hogares de altos ingresos. Especialistas se\u00f1alaron que el ajuste ser\u00e1 mayor debido a otros conceptos. La quita de subsidios, uno de los elementos clave. Una factura de 8 mil pasar\u00e1 a costar 20 mil.<\/p>\n\n\n\n<hr class=\"wp-block-separator aligncenter has-alpha-channel-opacity\"\/>\n\n\n\n<p>El Gobierno finalmente defini\u00f3 que<strong> los aumentos previstos para las tarifas de electricidad se aplicar\u00e1n solo para los hogares de altos ingresos, que representan el 35% del total de usuarios residenciales (5,4 millones). <\/strong>La suba en principio ser\u00e1 m\u00e1s del 100%, aunque especialistas advierten que el ajuste ser\u00e1 mayor debido a otros conceptos.<\/p>\n\n\n\n<p>De esta manera,<strong> algo m\u00e1s de 3 millones de usuarios pasar\u00eda de pagar una factura promedio de $8.000 a casi $20.000 a partir de febrero, mientras que los sectores medios y de menores ingresos reci\u00e9n ver\u00e1n subas a partir de mayo cuando se aplique un nuevo esquema de subsidios.<\/strong><\/p>\n\n\n\n<p><strong>El aumento tambi\u00e9n alcanzar\u00e1 a comercios, industrias, y lo m\u00e1s grave es que incluir\u00e1 universidades y hospitales, y se notar\u00e1 en las boletas que lleguen a partir del mes pr\u00f3ximo.<\/strong> Adem\u00e1s, impactar\u00e1 por dos lados: quita de subsidios y el traslado de la devaluaci\u00f3n. <strong>Por caso, los negocios chicos podr\u00edan recibir incrementos de hasta 430% debido al concepto de energ\u00eda y de hasta 500% si se suman las actualizaciones por el segmento de distribuci\u00f3n.<\/strong><\/p>\n\n\n\n<p>Al respecto, el defensor del pueblo adjunto de la provincia de Buenos Aires y ex interventor del Ente Nacional Regulador de la Electricidad (ENRE) en tiempos de Sergio Massa, Walter Martello, detall\u00f3 que<strong> el aumento en el pecio de la energ\u00eda abarca a 3 millones de usuarios residenciales N1 y 300.000 comercios e industrias. Pasar\u00e1n de paga de $21 a $46 el KW, es decir, 110% m\u00e1s seg\u00fan sus c\u00e1lculos.<\/strong><\/p>\n\n\n\n<p><strong>\u201cPero adem\u00e1s en todos esos casos se dispone un incremento de la potencia que pasa de $80 el kW a $2.682\u2013kw un aumento de m\u00e1s de 32 veces: 3.200%, que impactar\u00e1 fuertemente en las tarifas, siendo los usuarios residenciales los \u00fanicos que no podr\u00e1n trasladar esa diferencia a precios\u201d, resalt\u00f3.<\/strong><\/p>\n\n\n\n<p><em><strong>\u201cEsto implica que un jubilado que no se haya inscripto en el registro tenga o no consumo, solamente por tener contratados 2 KW de potencia nunca su factura ser\u00e1 menor a $6.500, m\u00e1s los distintos componentes de la tarifa, Transporte, VAD e impuestos\u201d<\/strong><\/em>, afirm\u00f3 Martello. Y remarc\u00f3 que para los ingresos medios, del N3, el pago sobre el excedente de los 400 kWH se realizar\u00e1 sin subsidio.<\/p>\n\n\n\n<p><strong>Otro sector que ver\u00e1 el impacto de la suba ser\u00e1 el de los intendentes del conurbano, quienes enfrentar\u00e1n aumentos en el alumbrado p\u00fablico<\/strong> del mismo tenor en porcentaje. Esto, sin duda, ser\u00e1 trasladado a los usuarios de alguna manera.<\/p>\n","protected":false},"excerpt":{"rendered":"<p>Ser\u00e1 para los hogares de altos ingresos. Especialistas se\u00f1alaron que el ajuste ser\u00e1 mayor debido a otros conceptos. La quita<\/p>\n","protected":false},"author":2,"featured_media":9212,"comment_status":"closed","ping_status":"closed","sticky":false,"template":"","format":"standard","meta":{"_jetpack_memberships_contains_paid_content":false,"footnotes":""},"categories":[6,1],"tags":[],"class_list":["post-108179","post","type-post","status-publish","format-standard","has-post-thumbnail","hentry","category-nacionales","category-portada"],"jetpack_featured_media_url":"https:\/\/i0.wp.com\/cdnoticias.com\/wp-content\/uploads\/2020\/12\/electricidad-luz-tarifas-DIB.jpg?fit=696%2C392&ssl=1","jetpack_sharing_enabled":true,"_links":{"self":[{"href":"https:\/\/cdnoticias.com\/index.php\/wp-json\/wp\/v2\/posts\/108179","targetHints":{"allow":["GET"]}}],"collection":[{"href":"https:\/\/cdnoticias.com\/index.php\/wp-json\/wp\/v2\/posts"}],"about":[{"href":"https:\/\/cdnoticias.com\/index.php\/wp-json\/wp\/v2\/types\/post"}],"author":[{"embeddable":true,"href":"https:\/\/cdnoticias.com\/index.php\/wp-json\/wp\/v2\/users\/2"}],"replies":[{"embeddable":true,"href":"https:\/\/cdnoticias.com\/index.php\/wp-json\/wp\/v2\/comments?post=108179"}],"version-history":[{"count":0,"href":"https:\/\/cdnoticias.com\/index.php\/wp-json\/wp\/v2\/posts\/108179\/revisions"}],"wp:featuredmedia":[{"embeddable":true,"href":"https:\/\/cdnoticias.com\/index.php\/wp-json\/wp\/v2\/media\/9212"}],"wp:attachment":[{"href":"https:\/\/cdnoticias.com\/index.php\/wp-json\/wp\/v2\/media?parent=108179"}],"wp:term":[{"taxonomy":"category","embeddable":true,"href":"https:\/\/cdnoticias.com\/index.php\/wp-json\/wp\/v2\/categories?post=108179"},{"taxonomy":"post_tag","embeddable":true,"href":"https:\/\/cdnoticias.com\/index.php\/wp-json\/wp\/v2\/tags?post=108179"}],"curies":[{"name":"wp","href":"https:\/\/api.w.org\/{rel}","templated":true}]}}