{"id":10814,"date":"2021-01-07T11:32:35","date_gmt":"2021-01-07T14:32:35","guid":{"rendered":"http:\/\/www.centraldenoticias.com.ar\/?p=10814"},"modified":"2021-01-07T12:20:49","modified_gmt":"2021-01-07T15:20:49","slug":"habra-cierre-nocturno-de-23-a-6-en-el-pais-como-sera-en-la-provincia","status":"publish","type":"post","link":"https:\/\/cdnoticias.com\/index.php\/2021\/01\/07\/habra-cierre-nocturno-de-23-a-6-en-el-pais-como-sera-en-la-provincia\/","title":{"rendered":"Habr\u00e1 cierre nocturno de 23 a 6 en el pa\u00eds: \u00bfc\u00f3mo ser\u00e1 en la Provincia?"},"content":{"rendered":"<p>Definen el cierre nocturno en Provincia a partir de un indicador sanitario. Por ahora, se menciona la fase y la tasa de incidencia de cada municipio. Habr\u00e1 anuncios oficiales esta tarde y el decreto presidencial se publicar\u00e1 antes de la medianoche.<!--more--><\/p>\n<hr \/>\n<p><strong>El presidente Alberto Fern\u00e1ndez acord\u00f3 con los gobernadores avanzar hacia la aplicaci\u00f3n de un \u201ctoque de queda sanitario\u201d que impida la circulaci\u00f3n de 23 a 6,<\/strong> aunque <strong>el esquema se aplicar\u00e1 solo en los distritos bonaerenses que superen una determinada cantidad de casos<\/strong> que ser\u00e1 establecido en el decreto que le dar\u00e1 entidad legal a la medida.<\/p>\n<p>Fern\u00e1ndez y los gobernadores llegaron a un consenso b\u00e1sico, durante una reuni\u00f3n virtual, que traduce la <strong>preocupaci\u00f3n compartida por el pronunciado aumento de los contagios<\/strong> en las \u00faltimas semanas. <strong>Los anuncios oficiales se dar\u00e1n esta tarde.<\/strong><\/p>\n<blockquote><p>La medida m\u00e1s resonante es la restricci\u00f3n de circulaci\u00f3n nocturna, entre las 23 y las 6, en l\u00ednea con la idea compartida de que el virus se esparce m\u00e1s entre los j\u00f3venes.<\/p><\/blockquote>\n<p>Adem\u00e1s, hubo acuerdo en <strong>limitar a 10 el m\u00e1ximo de asistentes a reuniones en domicilios particulares<\/strong> (ahora es de 20) y <strong>disminuir la frecuencia de vuelos desde y hacia el exterior<\/strong>.<\/p>\n<p>Tambi\u00e9n, en <strong>exigir test PCR a los residentes que realicen viajes a\u00e9reos de cabotaje<\/strong>, sobre todo en las provincias donde hay m\u00e1s circulaci\u00f3n viral.<\/p>\n<p>El <strong>transporte p\u00fablico quedar\u00e1 nuevamente restringido<\/strong> a trabajadores esenciales.<\/p>\n<p>Un punto clave es que habr\u00e1 margen de acci\u00f3n para que los gobernadores adapten ese esquema a la realidad de cada distrito. En la provincia, dijeron a DIB fuentes del Ejecutivo que esperan conocer los detalles del decreto pero que en principio <strong>habr\u00e1 una adaptaci\u00f3n al sistema de fases vigentes, por lo cual solo en los distritos en fases menos permisivas se avanzar\u00e1 con el endurecimiento<\/strong>.<\/p>\n<blockquote><p>La clave estar\u00e1 contenida en el decreto presidencial que le dar\u00e1 entidad legal a todo es esquema: all\u00ed figurar\u00e1 un indicador objetivo de la situaci\u00f3n epidemiol\u00f3gica \u2013podr\u00eda ser la tasa de incidencia- que se usar\u00e1 para determinar en qu\u00e9 distrito se endurecer\u00e1n las condiciones y en cu\u00e1les no. Un criterio menos preciso pero que tambi\u00e9n fue puesto sobre la mesa tiene que ver con el humor social. \u201cEs indispensable: No parar la econom\u00eda, no frustrar vacaciones ni la actividad en lugares tur\u00edsticos\u201d, circul\u00f3 entre los gobernadores y el Presidente.<\/p><\/blockquote>\n<p>El decreto nacional -a\u00fan no se sabe si ser\u00e1 simple o de Necesidad de Urgencia- ser\u00e1 publicado en el Bolet\u00edn Oficial antes de la medianoche <strong>para que las medidas tengan cumplimiento efectivo desde las 00.00 del 8 de enero de 2021<\/strong>.<\/p>\n<p>El martes, <a href=\"https:\/\/cdnoticias.com\/index.php\/2021\/01\/05\/kicillof-advirtio-sobre-un-crecimiento-marcado-y-muy-acelerado-de-casos\/\" target=\"_blank\" rel=\"noopener\">Kicillof se reuni\u00f3 en forma presencial con intendentes de los municipios de la costa atl\u00e1ntica<\/a> de la provincia y, luego de evaluar la posibilidad de un cierre, en principio la dejaron de lado. Acordaron, s\u00ed, extremar los controles para que no se repitan las im\u00e1genes descontrol en las playas que se vieron en lugares como las de Pinamar o Mal del Plata, con j\u00f3venes hacinados.<\/p>\n<p>En tanto, Chaco, Formosa, La Pampa y municipios de Buenos Aires y Santa Fe dispusieron en las \u00faltimas horas restricciones a la circulaci\u00f3n de personas ante la suba de contagios, mientras que Santiago del Estero resolvi\u00f3 exigir hisopados para ingresar al distrito y la ciudad correntina de Mercedes decidi\u00f3 limitar el horario de entrada en los accesos.<\/p>\n<p>El mes pasado, el Gobierno nacional prorrog\u00f3 el Distanciamiento Social, Preventivo y Obligatorio (Dispo) hasta fines de enero, pero <strong>el aumento de casos oblig\u00f3 en los \u00faltimos d\u00edas a volver a restricciones en algunos distritos<\/strong>.<\/p>\n<blockquote><p>El mi\u00e9rcoles, los ministros de Salud del pa\u00eds coincidieron en observar \u201cuna falta significativa del cumplimiento de las medidas de prevenci\u00f3n para mitigar la transmisi\u00f3n del virus que puede propiciar el adelanto de una segunda ola\u201d, seg\u00fan expresaron en la reuni\u00f3n del Consejo Federal de Salud (Cofesa).<\/p><\/blockquote>\n<p><strong>Presencias<\/strong><\/p>\n<p>En el encuentro con los gobernadores, Fern\u00e1ndez estuvo acompa\u00f1ado por el jefe de Gabinete, Santiago Cafiero; los ministros de Salud, Gin\u00e9s Gonz\u00e1lez Garc\u00eda, y de Interior, Eduardo de Pedro; la secretaria de Acceso a la Salud, Carla Vizzotti y el secretario general de la Presidencia, Julio Vitobello.<\/p>\n<p>Participaron del encuentro virtual el jefe de Gobierno de la Ciudad de Buenos Aires, Horacio Rodr\u00edguez Larreta -que inform\u00f3 por las redes sociales que dio positivo en coronavirus- y los gobernadores de Buenos Aires, Axel Kicillof; de Catamarca, Ra\u00fal Jalil; de Chaco, Jorge Capitanich; de Chubut, Mariano Arcioni; de C\u00f3rdoba, Juan Schiaretti; de Corrientes, Gustavo Vald\u00e9s; y de Entre R\u00edos, Gustavo Bordet.<\/p>\n<p>Tambi\u00e9n estuvieron presentes los mandatarios provinciales de Formosa, Gildo Insfr\u00e1n; de Jujuy, Gerardo Morales; de La Pampa, Sergio Ziliotto; de La Rioja, Ricardo Quintela; de Mendoza, Rodolfo Su\u00e1rez; de Misiones, Oscar Herrera Ahuad; de Neuqu\u00e9n, Omar Guti\u00e9rrez; de R\u00edo Negro, Arabela Carreras; de Salta, Gustavo S\u00e1enz; y de San Juan, Sergio U\u00f1ac.<\/p>\n<p>Adem\u00e1s. formaron parte del encuentro virtual los gobernadores de San Luis, Alberto Rodr\u00edguez Sa\u00e1; de Santa Cruz, Alicia Kirchner; de Santa Fe, Omar Perotti; de Santiago del Estero, de Gerardo Zamora; de Tierra del Fuego, Ant\u00e1rtida e Islas del Atl\u00e1ntico Sur, Gustavo Melella; y de Tucum\u00e1n, Juan Manzur.<\/p>\n<p><em>Fuentes: DIB e Infobae<\/em><\/p>\n","protected":false},"excerpt":{"rendered":"<p>Definen el cierre nocturno en Provincia a partir de un indicador sanitario. Por ahora, se menciona la fase y la<\/p>\n","protected":false},"author":4,"featured_media":10816,"comment_status":"closed","ping_status":"closed","sticky":false,"template":"","format":"standard","meta":{"_jetpack_memberships_contains_paid_content":false,"footnotes":""},"categories":[6,1],"tags":[],"class_list":["post-10814","post","type-post","status-publish","format-standard","has-post-thumbnail","hentry","category-nacionales","category-portada"],"jetpack_featured_media_url":"https:\/\/i0.wp.com\/cdnoticias.com\/wp-content\/uploads\/2021\/01\/dib-FOTO-696x464.jpg?fit=696%2C464&ssl=1","jetpack_sharing_enabled":true,"_links":{"self":[{"href":"https:\/\/cdnoticias.com\/index.php\/wp-json\/wp\/v2\/posts\/10814","targetHints":{"allow":["GET"]}}],"collection":[{"href":"https:\/\/cdnoticias.com\/index.php\/wp-json\/wp\/v2\/posts"}],"about":[{"href":"https:\/\/cdnoticias.com\/index.php\/wp-json\/wp\/v2\/types\/post"}],"author":[{"embeddable":true,"href":"https:\/\/cdnoticias.com\/index.php\/wp-json\/wp\/v2\/users\/4"}],"replies":[{"embeddable":true,"href":"https:\/\/cdnoticias.com\/index.php\/wp-json\/wp\/v2\/comments?post=10814"}],"version-history":[{"count":0,"href":"https:\/\/cdnoticias.com\/index.php\/wp-json\/wp\/v2\/posts\/10814\/revisions"}],"wp:featuredmedia":[{"embeddable":true,"href":"https:\/\/cdnoticias.com\/index.php\/wp-json\/wp\/v2\/media\/10816"}],"wp:attachment":[{"href":"https:\/\/cdnoticias.com\/index.php\/wp-json\/wp\/v2\/media?parent=10814"}],"wp:term":[{"taxonomy":"category","embeddable":true,"href":"https:\/\/cdnoticias.com\/index.php\/wp-json\/wp\/v2\/categories?post=10814"},{"taxonomy":"post_tag","embeddable":true,"href":"https:\/\/cdnoticias.com\/index.php\/wp-json\/wp\/v2\/tags?post=10814"}],"curies":[{"name":"wp","href":"https:\/\/api.w.org\/{rel}","templated":true}]}}