{"id":108135,"date":"2024-02-05T11:08:44","date_gmt":"2024-02-05T14:08:44","guid":{"rendered":"https:\/\/cdnoticias.com\/?p=108135"},"modified":"2024-02-05T12:36:42","modified_gmt":"2024-02-05T15:36:42","slug":"paula-ferrari-y-una-muestra-que-reflexiona-sobre-el-deseo-propio","status":"publish","type":"post","link":"https:\/\/cdnoticias.com\/index.php\/2024\/02\/05\/paula-ferrari-y-una-muestra-que-reflexiona-sobre-el-deseo-propio\/","title":{"rendered":"Paula Ferrari y una muestra que reflexiona sobre el deseo propio"},"content":{"rendered":"<p>La fot\u00f3grafa olavarriense inaugur\u00f3 \u201cPersonal Musa\u201d, una exhibici\u00f3n que re\u00fane su obra y permanecer\u00e1 en el Centro Cultural San Jos\u00e9 hasta el 14 de abril.<!--more--><\/p>\n<hr \/>\n<p>Este domingo, se inaugur\u00f3 la <strong>primera muestra del a\u00f1o en el Centro Cultural San Jos\u00e9.<\/strong> Se trata de <strong>\u201cPersonal Musa\u201d que re\u00fane las obras de la fot\u00f3grafa local Paula Ferrari<\/strong> y que permanecer\u00e1 expuesta en la <strong>sala 3 hasta el 14 de abril.<\/strong><\/p>\n<p>Ante un muy buen marco de p\u00fablico, <strong>Paula Ferrari<\/strong> habl\u00f3 con<em> Central de Noticias<\/em> luego del tradicional corte de cintas que realiz\u00f3 acompa\u00f1ada por el intendente Maximiliano Wesner, el secretario de Desarrollo de la Comunidad Cristian Delpiani, el subsecretario de Cultura y Educaci\u00f3n Norberto Almeida y la directora de Gesti\u00f3n Cultural Sof\u00eda Ar\u00e9valo.<\/p>\n<p><img data-recalc-dims=\"1\" loading=\"lazy\" decoding=\"async\" class=\"alignnone size-full wp-image-108137\" src=\"https:\/\/i0.wp.com\/cdnoticias.com\/wp-content\/uploads\/2024\/02\/ferrari-paula-muestra-02.jpg?resize=800%2C445&#038;ssl=1\" alt=\"\" width=\"800\" height=\"445\" srcset=\"https:\/\/i0.wp.com\/cdnoticias.com\/wp-content\/uploads\/2024\/02\/ferrari-paula-muestra-02.jpg?w=800&amp;ssl=1 800w, https:\/\/i0.wp.com\/cdnoticias.com\/wp-content\/uploads\/2024\/02\/ferrari-paula-muestra-02.jpg?resize=300%2C167&amp;ssl=1 300w, https:\/\/i0.wp.com\/cdnoticias.com\/wp-content\/uploads\/2024\/02\/ferrari-paula-muestra-02.jpg?resize=768%2C427&amp;ssl=1 768w\" sizes=\"auto, (max-width: 800px) 100vw, 800px\" \/><\/p>\n<p>En primer lugar, la fot\u00f3grafa <strong>destac\u00f3 el trabajo en equipo llevado adelante con personal del Centro Cultural Municipal San Jos\u00e9<\/strong>: \u201cdesde el momento en que me invita Natalia (Schumacher) a participar me encuentro con todo este equipo de gente que estoy sumamente sorprendida porque tienen una calidez y una manera de hacerte sentir tan c\u00f3moda que todo parece much\u00edsimo m\u00e1s f\u00e1cil\u201d.<\/p>\n<p>Respecto a su obra indic\u00f3 que \u201ces un placer personal crear estos collages <strong>a partir de fotos que ya tom\u00e9 con otro motivo y resignificarlos<\/strong>\u201d y agreg\u00f3: \u201chace varios a\u00f1os que vengo trabajando las imposiciones que sufrimos de alguna manera en nuestra condici\u00f3n femenina en cuanto a este<strong> \u2018deber ser\u2019<\/strong>\u201d.<\/p>\n<p><img data-recalc-dims=\"1\" loading=\"lazy\" decoding=\"async\" class=\"alignnone size-full wp-image-108140\" src=\"https:\/\/i0.wp.com\/cdnoticias.com\/wp-content\/uploads\/2024\/02\/ferrari-paula-muestra-05.jpg?resize=800%2C445&#038;ssl=1\" alt=\"\" width=\"800\" height=\"445\" srcset=\"https:\/\/i0.wp.com\/cdnoticias.com\/wp-content\/uploads\/2024\/02\/ferrari-paula-muestra-05.jpg?w=800&amp;ssl=1 800w, https:\/\/i0.wp.com\/cdnoticias.com\/wp-content\/uploads\/2024\/02\/ferrari-paula-muestra-05.jpg?resize=300%2C167&amp;ssl=1 300w, https:\/\/i0.wp.com\/cdnoticias.com\/wp-content\/uploads\/2024\/02\/ferrari-paula-muestra-05.jpg?resize=768%2C427&amp;ssl=1 768w\" sizes=\"auto, (max-width: 800px) 100vw, 800px\" \/><\/p>\n<p><img data-recalc-dims=\"1\" loading=\"lazy\" decoding=\"async\" class=\"alignnone size-full wp-image-108138\" src=\"https:\/\/i0.wp.com\/cdnoticias.com\/wp-content\/uploads\/2024\/02\/ferrari-paula-muestra-03.jpg?resize=800%2C445&#038;ssl=1\" alt=\"\" width=\"800\" height=\"445\" srcset=\"https:\/\/i0.wp.com\/cdnoticias.com\/wp-content\/uploads\/2024\/02\/ferrari-paula-muestra-03.jpg?w=800&amp;ssl=1 800w, https:\/\/i0.wp.com\/cdnoticias.com\/wp-content\/uploads\/2024\/02\/ferrari-paula-muestra-03.jpg?resize=300%2C167&amp;ssl=1 300w, https:\/\/i0.wp.com\/cdnoticias.com\/wp-content\/uploads\/2024\/02\/ferrari-paula-muestra-03.jpg?resize=768%2C427&amp;ssl=1 768w\" sizes=\"auto, (max-width: 800px) 100vw, 800px\" \/><\/p>\n<h2>\u201c\u00bfHas actuado conforme al deseo que te habita?\u201d<\/h2>\n<p>En la exposici\u00f3n puede observarse <strong>distintas etapas de la obra de la artista<\/strong> unidas por la intenci\u00f3n de resignificar im\u00e1genes que \u201cparecen de moda\u201d para \u201ctratar de darles un contenido m\u00e1s profundo\u201d.<\/p>\n<blockquote><p>\u201cUna de las cosas que m\u00e1s trabajo en esta muestra es el tema del deseo, cu\u00e1ntas veces las mujeres estamos formateadas para ser complacientes\u201d, dispar\u00f3 Paula Ferrari. \u201cEl feminismo ha hecho un gran recorrido, pero todav\u00eda seguimos padeciendo el deseo del otro. La intenci\u00f3n es hacer una reflexi\u00f3n sobre el deseo propio por eso la frase principal de la muestra dice \u00bfhas actuado conforme al deseo que te habita?\u201d, se\u00f1al\u00f3.<\/p><\/blockquote>\n<p>Por otra parte, presenta una nueva serie que es \u201c<strong>una evoluci\u00f3n de la muestra anterior.<\/strong> La idea del acecho, de la preocupaci\u00f3n en la mirada, la incertidumbre, la complacencia, la mirada de los dem\u00e1s, sigue estando de una manera m\u00e1s sutil. Me siento identificada con estas nuevas im\u00e1genes y seguramente mi obra va a ir mutando hacia eso\u201d, concluy\u00f3.<\/p>\n<p><img data-recalc-dims=\"1\" loading=\"lazy\" decoding=\"async\" class=\"alignnone size-full wp-image-108141\" src=\"https:\/\/i0.wp.com\/cdnoticias.com\/wp-content\/uploads\/2024\/02\/ferrari-paula-muestra-06.jpg?resize=800%2C445&#038;ssl=1\" alt=\"\" width=\"800\" height=\"445\" srcset=\"https:\/\/i0.wp.com\/cdnoticias.com\/wp-content\/uploads\/2024\/02\/ferrari-paula-muestra-06.jpg?w=800&amp;ssl=1 800w, https:\/\/i0.wp.com\/cdnoticias.com\/wp-content\/uploads\/2024\/02\/ferrari-paula-muestra-06.jpg?resize=300%2C167&amp;ssl=1 300w, https:\/\/i0.wp.com\/cdnoticias.com\/wp-content\/uploads\/2024\/02\/ferrari-paula-muestra-06.jpg?resize=768%2C427&amp;ssl=1 768w\" sizes=\"auto, (max-width: 800px) 100vw, 800px\" \/><\/p>\n<p><img data-recalc-dims=\"1\" loading=\"lazy\" decoding=\"async\" class=\"alignnone size-full wp-image-108139\" src=\"https:\/\/i0.wp.com\/cdnoticias.com\/wp-content\/uploads\/2024\/02\/ferrari-paula-muestra-04.jpg?resize=800%2C445&#038;ssl=1\" alt=\"\" width=\"800\" height=\"445\" srcset=\"https:\/\/i0.wp.com\/cdnoticias.com\/wp-content\/uploads\/2024\/02\/ferrari-paula-muestra-04.jpg?w=800&amp;ssl=1 800w, https:\/\/i0.wp.com\/cdnoticias.com\/wp-content\/uploads\/2024\/02\/ferrari-paula-muestra-04.jpg?resize=300%2C167&amp;ssl=1 300w, https:\/\/i0.wp.com\/cdnoticias.com\/wp-content\/uploads\/2024\/02\/ferrari-paula-muestra-04.jpg?resize=768%2C427&amp;ssl=1 768w\" sizes=\"auto, (max-width: 800px) 100vw, 800px\" \/><\/p>\n<h2>Obras en las salas 1 y 2<\/h2>\n<p>Por su parte, en las<strong> salas 1 y 2<\/strong> se estar\u00e1 exhibiendo la <strong>muestra \u201cRefugios simb\u00f3licos. Patrimonio\u201d,<\/strong> que re\u00fane diecis\u00e9is obras que fueron donadas y adquiridas por el Centro Cultural San Jos\u00e9, a trav\u00e9s de las diferentes muestras que se realizaron desde el a\u00f1o 2010 a la actualidad.<\/p>\n<p>Los artistas que integran esta muestra son Daniel Fitte (Sierras Bayas \u2013 Olavarr\u00eda), Emilio Reato (San Antonio de Padua \u2013 Provincia de Buenos Aires), Jorge Pietra (Buenos Aires), Alejandro Thorton (Buenos Aires), Sof\u00eda Quirno (Buenos Aires), Clara Firpo (Buenos Aires), M\u00f3nica Van Asperen (Buenos Aires), Marcos L\u00f3pez (Santa Fe), Benjam\u00edn Aitala (Olavarr\u00eda), Milo Lockett (Chaco), Genoveva Fern\u00e1ndez (Buenos Aires), Pablo Demonte (Buenos Aires) y Juan Jos\u00e9 Cambre (Buenos Aires).<\/p>\n","protected":false},"excerpt":{"rendered":"<p>La fot\u00f3grafa olavarriense inaugur\u00f3 \u201cPersonal Musa\u201d, una exhibici\u00f3n que re\u00fane su obra y permanecer\u00e1 en el Centro Cultural San Jos\u00e9<\/p>\n","protected":false},"author":2,"featured_media":108136,"comment_status":"closed","ping_status":"closed","sticky":false,"template":"","format":"standard","meta":{"_jetpack_memberships_contains_paid_content":false,"footnotes":""},"categories":[9,1],"tags":[],"class_list":["post-108135","post","type-post","status-publish","format-standard","has-post-thumbnail","hentry","category-cultura","category-portada"],"jetpack_featured_media_url":"https:\/\/i0.wp.com\/cdnoticias.com\/wp-content\/uploads\/2024\/02\/ferrari-paula-muestra-01.jpg?fit=800%2C445&ssl=1","jetpack_sharing_enabled":true,"_links":{"self":[{"href":"https:\/\/cdnoticias.com\/index.php\/wp-json\/wp\/v2\/posts\/108135","targetHints":{"allow":["GET"]}}],"collection":[{"href":"https:\/\/cdnoticias.com\/index.php\/wp-json\/wp\/v2\/posts"}],"about":[{"href":"https:\/\/cdnoticias.com\/index.php\/wp-json\/wp\/v2\/types\/post"}],"author":[{"embeddable":true,"href":"https:\/\/cdnoticias.com\/index.php\/wp-json\/wp\/v2\/users\/2"}],"replies":[{"embeddable":true,"href":"https:\/\/cdnoticias.com\/index.php\/wp-json\/wp\/v2\/comments?post=108135"}],"version-history":[{"count":0,"href":"https:\/\/cdnoticias.com\/index.php\/wp-json\/wp\/v2\/posts\/108135\/revisions"}],"wp:featuredmedia":[{"embeddable":true,"href":"https:\/\/cdnoticias.com\/index.php\/wp-json\/wp\/v2\/media\/108136"}],"wp:attachment":[{"href":"https:\/\/cdnoticias.com\/index.php\/wp-json\/wp\/v2\/media?parent=108135"}],"wp:term":[{"taxonomy":"category","embeddable":true,"href":"https:\/\/cdnoticias.com\/index.php\/wp-json\/wp\/v2\/categories?post=108135"},{"taxonomy":"post_tag","embeddable":true,"href":"https:\/\/cdnoticias.com\/index.php\/wp-json\/wp\/v2\/tags?post=108135"}],"curies":[{"name":"wp","href":"https:\/\/api.w.org\/{rel}","templated":true}]}}