{"id":108129,"date":"2024-02-05T10:54:26","date_gmt":"2024-02-05T13:54:26","guid":{"rendered":"https:\/\/cdnoticias.com\/?p=108129"},"modified":"2024-02-05T14:13:52","modified_gmt":"2024-02-05T17:13:52","slug":"el-municipio-dio-por-finalizada-la-contratacion-del-estacionamiento-medido","status":"publish","type":"post","link":"https:\/\/cdnoticias.com\/index.php\/2024\/02\/05\/el-municipio-dio-por-finalizada-la-contratacion-del-estacionamiento-medido\/","title":{"rendered":"El Municipio dio por finalizada la contrataci\u00f3n del estacionamiento medido"},"content":{"rendered":"<p>Lo comunic\u00f3 este lunes para ratificar el comunicado del viernes. \u201cEsta administraci\u00f3n solo avala la prestaci\u00f3n del servicio hasta el d\u00eda viernes 2 de febrero\u201d se inform\u00f3. La jefa de Gabinete recibir\u00e1 a los trabajadores.<\/p>\n<p><!--more--><\/p>\n<hr \/>\n<p><strong>El Municipio dio por finalizada la contrataci\u00f3n de Soluparking en el estacionamiento medido desde el viernes<\/strong>, cuando se enviaron los telegramas de preaviso de <strong>despido para los 20 empleados<\/strong>.<\/p>\n<p>&nbsp;<\/p>\n<p>\u201cEl Municipio <strong>emiti\u00f3 un decreto 230\/24<\/strong> el d\u00eda viernes 2 de febrero,<strong> avalando la prestaci\u00f3n del servicio<\/strong> del estacionamiento medido<strong> desde el 3 de enero al 2 de febrero\u201d<\/strong> se comunic\u00f3 este lunes por la ma\u00f1ana desde la Municipalidad. <em>Cabe recordar que el 3 de enero venci\u00f3 el contrato que estaba vigente<\/em>.<\/p>\n<p>&nbsp;<\/p>\n<blockquote><p>Se explic\u00f3 que \u201cen el per\u00edodo mencionado hubo una reconducci\u00f3n t\u00e1cita diaria del contrato vencido, ya que se estaba analizando la pr\u00f3rroga, de com\u00fan acuerdo. Al tomar conocimiento de que se notific\u00f3 el preaviso a los trabajadores produci\u00e9ndose el corte de la negociaci\u00f3n, esta administraci\u00f3n solo avala la prestaci\u00f3n del servicio hasta el d\u00eda viernes 2 de febrero\u201d agreg\u00f3 la comunicaci\u00f3n oficial.<\/p><\/blockquote>\n<p>&nbsp;<\/p>\n<p><img data-recalc-dims=\"1\" loading=\"lazy\" decoding=\"async\" class=\"size-full wp-image-108133 aligncenter\" src=\"https:\/\/i0.wp.com\/cdnoticias.com\/wp-content\/uploads\/2024\/02\/estacionamiento-medido-03.jpg?resize=800%2C446&#038;ssl=1\" alt=\"\" width=\"800\" height=\"446\" srcset=\"https:\/\/i0.wp.com\/cdnoticias.com\/wp-content\/uploads\/2024\/02\/estacionamiento-medido-03.jpg?w=1000&amp;ssl=1 1000w, https:\/\/i0.wp.com\/cdnoticias.com\/wp-content\/uploads\/2024\/02\/estacionamiento-medido-03.jpg?resize=300%2C167&amp;ssl=1 300w, https:\/\/i0.wp.com\/cdnoticias.com\/wp-content\/uploads\/2024\/02\/estacionamiento-medido-03.jpg?resize=768%2C428&amp;ssl=1 768w, https:\/\/i0.wp.com\/cdnoticias.com\/wp-content\/uploads\/2024\/02\/estacionamiento-medido-03.jpg?resize=800%2C445&amp;ssl=1 800w\" sizes=\"auto, (max-width: 800px) 100vw, 800px\" \/><\/p>\n<p>&nbsp;<\/p>\n<p>Se se\u00f1al\u00f3 adem\u00e1s que<a href=\"https:\/\/cdnoticias.com\/index.php\/2024\/02\/02\/despidieron-a-los-trabajadores-de-estacionamiento-medido-seran-recibidos-por-el-municipio\/\" target=\"_blank\" rel=\"noopener\"> \u201cla gacetilla enviada el viernes<\/a>, en el ante\u00faltimo p\u00e1rrafo expresa de manera concreta la emisi\u00f3n del decreto, el respaldo de la actividad desde el 3 de enero al 2 de febrero y <strong>el cese de la misma\u201d<\/strong>.<\/p>\n<p>&nbsp;<\/p>\n<p>En tanto, <strong>Central de Noticias<\/strong> pudo saber que <strong>los trabajadores mantuvieron una asamblea en la ma\u00f1ana de este lunes<\/strong> <a href=\"https:\/\/cdnoticias.com\/index.php\/2024\/02\/03\/estacionamiento-medido-buscaran-la-intermediacion-del-ministerio-de-trabajo\/\" target=\"_blank\" rel=\"noopener\">en la sede de la empresa con <strong>representantes del sindicato SOESGyPE<\/strong><\/a> durante la cual <strong>no hubo atenci\u00f3n al p\u00fablico en las oficinas.<\/strong><\/p>\n<p>&nbsp;<\/p>\n<p>Tal como se hab\u00eda adelantado, <strong>los trabajadores ser\u00e1n recibidos este lunes cerca del mediod\u00eda en la sede del Palacio San Mart\u00edn por la jefa de Gabinete, Mercedes Land\u00edvar.<\/strong><\/p>\n<p>&nbsp;<\/p>\n","protected":false},"excerpt":{"rendered":"<p>Lo comunic\u00f3 este lunes para ratificar el comunicado del viernes. \u201cEsta administraci\u00f3n solo avala la prestaci\u00f3n del servicio hasta el<\/p>\n","protected":false},"author":4,"featured_media":108132,"comment_status":"closed","ping_status":"closed","sticky":false,"template":"","format":"standard","meta":{"_jetpack_memberships_contains_paid_content":false,"footnotes":""},"categories":[5,1],"tags":[],"class_list":["post-108129","post","type-post","status-publish","format-standard","has-post-thumbnail","hentry","category-informacion-general","category-portada"],"jetpack_featured_media_url":"https:\/\/i0.wp.com\/cdnoticias.com\/wp-content\/uploads\/2024\/02\/estacionamiento-medido-02.jpg?fit=1000%2C556&ssl=1","jetpack_sharing_enabled":true,"_links":{"self":[{"href":"https:\/\/cdnoticias.com\/index.php\/wp-json\/wp\/v2\/posts\/108129","targetHints":{"allow":["GET"]}}],"collection":[{"href":"https:\/\/cdnoticias.com\/index.php\/wp-json\/wp\/v2\/posts"}],"about":[{"href":"https:\/\/cdnoticias.com\/index.php\/wp-json\/wp\/v2\/types\/post"}],"author":[{"embeddable":true,"href":"https:\/\/cdnoticias.com\/index.php\/wp-json\/wp\/v2\/users\/4"}],"replies":[{"embeddable":true,"href":"https:\/\/cdnoticias.com\/index.php\/wp-json\/wp\/v2\/comments?post=108129"}],"version-history":[{"count":0,"href":"https:\/\/cdnoticias.com\/index.php\/wp-json\/wp\/v2\/posts\/108129\/revisions"}],"wp:featuredmedia":[{"embeddable":true,"href":"https:\/\/cdnoticias.com\/index.php\/wp-json\/wp\/v2\/media\/108132"}],"wp:attachment":[{"href":"https:\/\/cdnoticias.com\/index.php\/wp-json\/wp\/v2\/media?parent=108129"}],"wp:term":[{"taxonomy":"category","embeddable":true,"href":"https:\/\/cdnoticias.com\/index.php\/wp-json\/wp\/v2\/categories?post=108129"},{"taxonomy":"post_tag","embeddable":true,"href":"https:\/\/cdnoticias.com\/index.php\/wp-json\/wp\/v2\/tags?post=108129"}],"curies":[{"name":"wp","href":"https:\/\/api.w.org\/{rel}","templated":true}]}}