{"id":108116,"date":"2024-02-04T19:32:06","date_gmt":"2024-02-04T22:32:06","guid":{"rendered":"https:\/\/cdnoticias.com\/?p=108116"},"modified":"2024-02-04T19:32:09","modified_gmt":"2024-02-04T22:32:09","slug":"atacar-el-problema","status":"publish","type":"post","link":"https:\/\/cdnoticias.com\/index.php\/2024\/02\/04\/atacar-el-problema\/","title":{"rendered":"Atacar el problema"},"content":{"rendered":"\n<p>El agitado inicio de la gesti\u00f3n Wesner y la iniciativa en lugares &#8220;invisibilizados&#8221; durante a\u00f1os. La negociaci\u00f3n paritaria y las claves de una asamblea sorpresiva. La oposici\u00f3n y la sorpresa en el Estacionamiento Medido. <\/p>\n\n\n\n<hr class=\"wp-block-separator aligncenter has-alpha-channel-opacity\"\/>\n\n\n\n<p>*Volver a las Fuentes, por Josefina Bargas y Alexis Grierson<\/p>\n\n\n\n<p class=\"has-large-font-size\"><strong>Luz, c\u00e1mara\u2026y acci\u00f3n<\/strong><\/p>\n\n\n\n<figure class=\"wp-block-image size-full\"><img data-recalc-dims=\"1\" loading=\"lazy\" decoding=\"async\" width=\"800\" height=\"529\" src=\"https:\/\/i0.wp.com\/cdnoticias.com\/wp-content\/uploads\/2024\/01\/olavarria-es-cultura-3.jpg?resize=800%2C529&#038;ssl=1\" alt=\"\" class=\"wp-image-106199\" srcset=\"https:\/\/i0.wp.com\/cdnoticias.com\/wp-content\/uploads\/2024\/01\/olavarria-es-cultura-3.jpg?w=1000&amp;ssl=1 1000w, https:\/\/i0.wp.com\/cdnoticias.com\/wp-content\/uploads\/2024\/01\/olavarria-es-cultura-3.jpg?resize=300%2C198&amp;ssl=1 300w, https:\/\/i0.wp.com\/cdnoticias.com\/wp-content\/uploads\/2024\/01\/olavarria-es-cultura-3.jpg?resize=768%2C508&amp;ssl=1 768w\" sizes=\"auto, (max-width: 800px) 100vw, 800px\" \/><\/figure>\n\n\n\n<p>En este bloque -y en los siguientes- se marcar\u00e1 una<strong> clara primera l\u00ednea de la gesti\u00f3n Wesner<\/strong>. No hay pasividad de que las cosas lleguen al Palacio San Mart\u00edn, y se intenta tomar la iniciativa de la gesti\u00f3n.<strong> Desde Olavarr\u00eda es Cultura hasta la decisi\u00f3n de cortar las negociaciones con Soluparking con el Estacionamiento Medido, la intenci\u00f3n siempre es hacerle frente a los temas y tomar decisiones antes de que exploten por los aires.<\/strong><\/p>\n\n\n\n<p>Esto no quiere decir que es algo positivo o negativo. <strong>Es un primer signo de gesti\u00f3n. Visibilizar lo que no ten\u00eda visibilidad, ser m\u00e1s cautos en los temas m\u00e1s complejos -como la obra p\u00fablica- y mostrar firmeza en las decisiones.\u00a0<\/strong><\/p>\n\n\n\n<p>Expone -simb\u00f3lica y materialmente- dos cuestiones: <strong>planificaci\u00f3n de un programa de gesti\u00f3n propio y, adem\u00e1s, decisiones vinculadas a la coyuntura.<\/strong> En tiempos de crisis de todo tipo (desde el d\u00e9ficit municipal hasta la baja en obra p\u00fablica pasando, claro, por la inminente ca\u00edda del Impuesto a la Piedra) hay que sacarle agua a las piedras.<\/p>\n\n\n\n<p><em><strong>\u201cLa masa salarial para pagar los aumentos de los trabajadores municipales no es producto de la magia, es producto de un trabajo serio de impulsar una gesti\u00f3n austera y tratar de que los ingresos municipales sean m\u00e1s eficientes\u201d <\/strong><\/em>indicaron desde la comuna en una charla informal con este newsletter. \u00bfD\u00f3nde se puede ver esto? <strong>En el cese de alquileres de edificios y redistribuci\u00f3n de oficinas municipales, en dejar de tercerizar el corte de pasto y mantenimiento del Aer\u00f3dromo, por citar solo dos ejemplos.<\/strong><\/p>\n\n\n\n<p><strong>Olavarr\u00eda es Cultura <\/strong>es un programa que, m\u00e1s all\u00e1 de darle movimiento a la ciudad y a sus espacios p\u00fablicos, tiene detr\u00e1s una apertura que nace desde el mismo Municipio: la comuna convoc\u00f3 a los artistas, a los trabajadores de sonido, a locutores, a todos los integrantes para proponerles algo. \u201cAntes se acercaban los proyectos y se ve\u00eda qu\u00e9 se hac\u00eda, ac\u00e1 queremos que trabajen con nosotros y tenemos propuestas concretas para hacer que, como se vio, la cultura en Olavarr\u00eda sea una pol\u00edtica de Estado\u201d indicaron en todo este tiempo.<\/p>\n\n\n\n<p>Incluso, la mayor\u00eda de las propuestas fueron desde las Escuelas Municipales, lugar donde asisten cientos de vecinos de todas las edades.<\/p>\n\n\n\n<p><strong>En la quietud de la transici\u00f3n y las altas expectativas por un cambio de gesti\u00f3n, el movimiento r\u00e1pido era fundamental. <\/strong>Una pista se vio por necesidad el 12 de diciembre: los temporales requirieron respuestas y, en mayor o menor medida, las hubo pr\u00e1cticamente en su totalidad. Bueno, el temporal es algo que quedar\u00e1 en los archivos de la historia de la ciudad, es momento de gestionar. Y aparecieron las primeras l\u00edneas.\u00a0<\/p>\n\n\n\n<p class=\"has-large-font-size\"><strong>El primer contrapunto con el sindicato<\/strong><\/p>\n\n\n\n<figure class=\"wp-block-image size-large\"><img data-recalc-dims=\"1\" loading=\"lazy\" decoding=\"async\" width=\"800\" height=\"445\" src=\"https:\/\/i0.wp.com\/cdnoticias.com\/wp-content\/uploads\/2024\/01\/maxi-wesner-hinojo.jpg?resize=800%2C445&#038;ssl=1\" alt=\"\" class=\"wp-image-106773\" srcset=\"https:\/\/i0.wp.com\/cdnoticias.com\/wp-content\/uploads\/2024\/01\/maxi-wesner-hinojo.jpg?resize=1024%2C569&amp;ssl=1 1024w, https:\/\/i0.wp.com\/cdnoticias.com\/wp-content\/uploads\/2024\/01\/maxi-wesner-hinojo.jpg?resize=300%2C167&amp;ssl=1 300w, https:\/\/i0.wp.com\/cdnoticias.com\/wp-content\/uploads\/2024\/01\/maxi-wesner-hinojo.jpg?resize=768%2C427&amp;ssl=1 768w, https:\/\/i0.wp.com\/cdnoticias.com\/wp-content\/uploads\/2024\/01\/maxi-wesner-hinojo.jpg?resize=800%2C445&amp;ssl=1 800w, https:\/\/i0.wp.com\/cdnoticias.com\/wp-content\/uploads\/2024\/01\/maxi-wesner-hinojo.jpg?w=1200&amp;ssl=1 1200w\" sizes=\"auto, (max-width: 800px) 100vw, 800px\" \/><\/figure>\n\n\n\n<p>El atardecer del 31 de enero ven\u00eda con una sorpresa may\u00fascula. <strong>Luego de algunos dichos de Stuppia que \u201cdevelaba\u201d contenido de la paritaria, el intendente Wesner decidi\u00f3, por decreto, dar un aumento del 30%, un bono de 80 mil pesos para los trabajadores que perciben menos de 500 mil pesos y otras cuestiones salariales que ya han sido explicadas y detalladas por los medios locales.<\/strong><\/p>\n\n\n\n<p>La noticia fue tomada por <strong>los trabajadores municipales como agua en el desierto:<\/strong> sin aumentos desde octubre, la inflaci\u00f3n (que peg\u00f3 un salto fuerte en diciembre con la desregulaci\u00f3n de Milei) <strong>estaba licuando los salarios de forma alarmante y las discusiones paritarias, aunque ya ten\u00edan avances, no estaban ni cerca de llegar a un acuerdo concreto.<\/strong> Y el pago de salarios de enero fue el \u201cdeadline\u201d de la decisi\u00f3n.<\/p>\n\n\n\n<p>Una decisi\u00f3n que tuvo, como dijimos, <strong>una respuesta a la falta de subas, pero tambi\u00e9n un condimento fuertemente pol\u00edtico:<\/strong> hubo acusaciones cruzadas de \u201cromper la mesa paritaria\u201d y que todo deriv\u00f3 en el aumento de los trabajadores.<\/p>\n\n\n\n<p>Wesner, en una nota emitida al sindicato y hecha p\u00fablica por los medios, se\u00f1al\u00f3 que en los \u00faltimos d\u00edas previos al anuncio,<em> \u201cse han difundido expresiones que no fueron las utilizadas en los tres encuentros de Mesa Paritaria, deslegitimando este \u00e1mbito como el lugar de negociaci\u00f3n y debate y generando falsas expectativas en los trabajadores, lo que consideramos no es sano para el momento que estamos viviendo\u201d.<\/em><\/p>\n\n\n\n<p>Tras el anuncio, el sindicato sali\u00f3 r\u00e1pidamente a convocar una asamblea y acus\u00f3, por lo mismo, al Municipio: dijo que la suba fue inconsulta y por fuera de la mesa paritaria. En el comunicado emitido por el gremio, se intent\u00f3 justificar los dichos p\u00fablicos de Stuppia al apuntar a que se<em><strong> \u201cdecidi\u00f3 cortar la negociaci\u00f3n por el simple hecho que el Sindicato pusiera al tanto de la propuesta p\u00fablicamente a los compa\u00f1eros y compa\u00f1eras\u201d.<\/strong><\/em><\/p>\n\n\n\n<p>Lo concreto es que, en este clima de tensi\u00f3n, alivio para algunos, enojo para otros y mucha incertidumbre, se lleg\u00f3 a la asamblea del viernes.<strong> En comparativa con otros encuentros sindicales en el Hospital (lugar donde ya no se disimulan las quejas teniendo en cuenta su funcionamiento y la utilizaci\u00f3n de los vecinos) no hubo una gran convocatoria, y s\u00ed hubo duros t\u00e9rminos y pedidos de explicaciones.<\/strong><\/p>\n\n\n\n<figure class=\"wp-block-image size-full\"><img data-recalc-dims=\"1\" loading=\"lazy\" decoding=\"async\" width=\"800\" height=\"445\" src=\"https:\/\/i0.wp.com\/cdnoticias.com\/wp-content\/uploads\/2024\/02\/stmo-asamblea-febrero-20204-10.jpg?resize=800%2C445&#038;ssl=1\" alt=\"\" class=\"wp-image-108000\" srcset=\"https:\/\/i0.wp.com\/cdnoticias.com\/wp-content\/uploads\/2024\/02\/stmo-asamblea-febrero-20204-10.jpg?w=800&amp;ssl=1 800w, https:\/\/i0.wp.com\/cdnoticias.com\/wp-content\/uploads\/2024\/02\/stmo-asamblea-febrero-20204-10.jpg?resize=300%2C167&amp;ssl=1 300w, https:\/\/i0.wp.com\/cdnoticias.com\/wp-content\/uploads\/2024\/02\/stmo-asamblea-febrero-20204-10.jpg?resize=768%2C427&amp;ssl=1 768w\" sizes=\"auto, (max-width: 800px) 100vw, 800px\" \/><\/figure>\n\n\n\n<p>De hecho, se solicit\u00f3 reabrir la mesa paritaria y que se estaba a 24 horas de las primeras medidas de fuerza: <em>\u201ccon la cantidad de compa\u00f1eros que est\u00e1n en la l\u00ednea de indigencia nosotros necesitamos tener recomposici\u00f3n salarial a la altura de las circunstancias\u201d<\/em> indic\u00f3 Jos\u00e9 Stuppia, en una discusi\u00f3n m\u00e1s estructural con respecto a las subas.<\/p>\n\n\n\n<p>Ya tuvimos cap\u00edtulos similares en la gesti\u00f3n anterior: las subas a los municipales tienen un cambio de l\u00f3gica con respecto a discusiones de a\u00f1os pasados. Se calcula una base de masa salarial y all\u00ed se deciden los porcentajes de aumento.<strong> \u00bfQu\u00e9 pretend\u00eda el Sindicato? Que esa masa salarial se distribuya en partes iguales a todos los trabajadores. \u00bfEl Municipio? Dar una suba en lo inmediato teniendo en cuenta lo recibido en di\u00e1logo con los trabajadores en el d\u00eda a d\u00eda. Se necesitaba una inyecci\u00f3n de mejora econ\u00f3mica.\u00a0<\/strong><\/p>\n\n\n\n<p>En la asamblea se dieron ciertas particularidades: <strong>se marcaron diferencias fuertes entre el sector de los profesionales (de los m\u00e1s enojados por el aumento) con el Ejecutivo pero tambi\u00e9n con el Sindicato, internas propias del gremio, sumado a que no exist\u00eda una l\u00ednea clara de qu\u00e9 camino tomar. Se evidenci\u00f3 que la decisi\u00f3n de Wesner tom\u00f3 por sorpresa a todo el mundo.<\/strong><\/p>\n\n\n\n<p><em>\u201cLos cambios en gestiones traen estas cosas, el gremio se acostumbr\u00f3 a negociar de una forma y ahora hay otra, hay que adaptarse\u201d<\/em> se\u00f1alaron varios consultados cercanos a ambas partes. Hay denominadores comunes: <strong>todas las miradas se posaron en el rol de Stuppia y la conducci\u00f3n. Intent\u00f3 generar un arreglo antes de fin de mes, no lo logr\u00f3; intent\u00f3 que la suba sea de un modo, tampoco lo logr\u00f3.\u00a0<\/strong><\/p>\n\n\n\n<p>Lo concreto es que en la asamblea se vot\u00f3 por unanimidad la moci\u00f3n de \u201crechazar el aumento inconsulto otorgado por el Intendente Maximiliano Wesner e intimar al Departamento Ejecutivo Municipal a reabrir en el plazo de 24 horas h\u00e1biles la negociaci\u00f3n paritaria interrumpida abruptamente. En caso de no obtener una respuesta positiva a este leg\u00edtimo reclamo, se analizar\u00e1n las medidas de acci\u00f3n directa a tomar\u201d. <strong>Es decir, esta historia tiene un final abierto.<\/strong><\/p>\n\n\n\n<p class=\"has-large-font-size\"><strong>\u00bfQui\u00e9n es el opositor?<\/strong><\/p>\n\n\n\n<figure class=\"wp-block-image size-large\"><img data-recalc-dims=\"1\" loading=\"lazy\" decoding=\"async\" width=\"800\" height=\"445\" src=\"https:\/\/i0.wp.com\/cdnoticias.com\/wp-content\/uploads\/2023\/07\/hilario-galli4.jpg?resize=800%2C445&#038;ssl=1\" alt=\"\" class=\"wp-image-89494\" srcset=\"https:\/\/i0.wp.com\/cdnoticias.com\/wp-content\/uploads\/2023\/07\/hilario-galli4.jpg?resize=1024%2C570&amp;ssl=1 1024w, https:\/\/i0.wp.com\/cdnoticias.com\/wp-content\/uploads\/2023\/07\/hilario-galli4.jpg?resize=300%2C167&amp;ssl=1 300w, https:\/\/i0.wp.com\/cdnoticias.com\/wp-content\/uploads\/2023\/07\/hilario-galli4.jpg?resize=768%2C428&amp;ssl=1 768w, https:\/\/i0.wp.com\/cdnoticias.com\/wp-content\/uploads\/2023\/07\/hilario-galli4.jpg?resize=800%2C445&amp;ssl=1 800w, https:\/\/i0.wp.com\/cdnoticias.com\/wp-content\/uploads\/2023\/07\/hilario-galli4.jpg?w=1029&amp;ssl=1 1029w\" sizes=\"auto, (max-width: 800px) 100vw, 800px\" \/><\/figure>\n\n\n\n<p>\u00bfY en qu\u00e9 anda la oposici\u00f3n a Wesner? Todav\u00eda qued\u00f3 la pregunta en el aire de qui\u00e9n es el principal espacio opositor a la gesti\u00f3n de Uni\u00f3n por la Patria: <strong>si La Libertad Avanza por haber sido segundo y tener a Milei como presidente, o Juntos por el Cambio por haber gestionado el Municipio hasta el 10 de diciembre.<\/strong><\/p>\n\n\n\n<p>Lo concreto es que hay dos figuras visibles para mencionar:<strong> Hilario Galli y Celeste Arouxet.\u00a0<\/strong><\/p>\n\n\n\n<p>El ex Secretario de Gobierno tuvo un rol activo en redes sociales en muchos de los temas que hemos ido tocando en esta edici\u00f3n: cr\u00edticas al parate de la obra de Sierras Bayas, a la situaci\u00f3n con las tasas municipales y a las paritarias.<strong> \u201cCada d\u00eda cuenta\u201d dijo, haciendo menci\u00f3n a que la demora en un acuerdo complejizaba la situaci\u00f3n salarial.<\/strong><\/p>\n\n\n\n<p>Incluso, <strong>tambi\u00e9n se refiri\u00f3 a la situaci\u00f3n con el transporte p\u00fablico, hoy en profunda crisis entre subas, corte de subsidios nacionales y el \u201cno hay plata\u201d de Milei.\u00a0<\/strong><\/p>\n\n\n\n<p>En poco m\u00e1s de un mes, <strong>el actual concejal se transform\u00f3 en la principal referencia del espacio, m\u00e1s con el provisorio corrimiento de plano del ex intendente Ezequiel Galli, quien se alej\u00f3 de las redes sociales y de los primeros planos pol\u00edticos locales. <\/strong>Tambi\u00e9n, vale decir, en medio de una transici\u00f3n de JxC que no termina de quedar clara: \u00bfson el cogobierno de La Libertad Avanza? \u00bfSon Juntos por la Libertad? \u00bfTienen independencia y garantizan el futuro de Milei? \u00bfQu\u00e9 rol ocupa Diego Santilli, la \u00faltima referencia clara de Galli y el espacio olavarriense? Por ahora son preguntas, se ir\u00e1n develando con el correr de las ediciones de VAF.<\/p>\n\n\n\n<figure class=\"wp-block-image size-large\"><img data-recalc-dims=\"1\" loading=\"lazy\" decoding=\"async\" width=\"800\" height=\"445\" src=\"https:\/\/i0.wp.com\/cdnoticias.com\/wp-content\/uploads\/2023\/12\/HCD-la-libertad-avanza-celeste-arouxet-02.jpg?resize=800%2C445&#038;ssl=1\" alt=\"\" class=\"wp-image-105425\" srcset=\"https:\/\/i0.wp.com\/cdnoticias.com\/wp-content\/uploads\/2023\/12\/HCD-la-libertad-avanza-celeste-arouxet-02.jpg?resize=1024%2C569&amp;ssl=1 1024w, https:\/\/i0.wp.com\/cdnoticias.com\/wp-content\/uploads\/2023\/12\/HCD-la-libertad-avanza-celeste-arouxet-02.jpg?resize=300%2C167&amp;ssl=1 300w, https:\/\/i0.wp.com\/cdnoticias.com\/wp-content\/uploads\/2023\/12\/HCD-la-libertad-avanza-celeste-arouxet-02.jpg?resize=768%2C427&amp;ssl=1 768w, https:\/\/i0.wp.com\/cdnoticias.com\/wp-content\/uploads\/2023\/12\/HCD-la-libertad-avanza-celeste-arouxet-02.jpg?resize=800%2C445&amp;ssl=1 800w, https:\/\/i0.wp.com\/cdnoticias.com\/wp-content\/uploads\/2023\/12\/HCD-la-libertad-avanza-celeste-arouxet-02.jpg?w=1200&amp;ssl=1 1200w\" sizes=\"auto, (max-width: 800px) 100vw, 800px\" \/><\/figure>\n\n\n\n<p>Caso distinto el de <strong>Celeste Arouxet, mucho m\u00e1s activa en torno a analizar la gesti\u00f3n Wesner en cada uno de sus pasos, desde el Presupuesto 2024 pasando por la conformaci\u00f3n del gabinete, la cantidad de funcionarios de dicho gabinete, entre otras cuestiones.<\/strong><\/p>\n\n\n\n<p>M\u00e1s aferrada a su referente Javier Milei, <strong>Arouxet esquiv\u00f3 varios temas picantes de la gesti\u00f3n nacional y solo hizo especial \u00e9nfasis en el paro general del 24 de enero, donde atac\u00f3 a los sindicatos: \u201cdurante los \u00faltimos a\u00f1os no sal\u00edan a reclamar nada\u201d.<\/strong><\/p>\n\n\n\n<p>Su \u00faltima postura rutilante fue<strong> el \u201cllamado de atenci\u00f3n\u201d que le realiz\u00f3 a la gesti\u00f3n al se\u00f1alar tres cuestiones: la suba de tasas (\u201ctransfieren el problema del d\u00e9ficit al vecino\u201d) el nuevo organigrama y el incremento de la deuda flotante, algo que expone y agudiza la situaci\u00f3n financiera de la comuna.\u00a0<\/strong><\/p>\n\n\n\n<p>Todos coincidieron en di\u00e1logo con este newsletter que <strong>todav\u00eda es pronto para asumir posturas sobre el camino que elija Wesner para gestionar, pero ya trataron de pararse en la vereda de enfrente. <\/strong>Algunos desde la experiencia de haber gestionado, otros desde una vereda similar a la que ten\u00edan antes del 10 de diciembre.\u00a0<\/p>\n\n\n\n<p class=\"has-large-font-size\"><strong>Estacionamiento medido<\/strong><\/p>\n\n\n\n<figure class=\"wp-block-image size-large\"><img data-recalc-dims=\"1\" loading=\"lazy\" decoding=\"async\" width=\"800\" height=\"533\" src=\"https:\/\/i0.wp.com\/cdnoticias.com\/wp-content\/uploads\/2021\/03\/Cartel-Estacionamiento-Medido-1024x682-1024x682.jpg?resize=800%2C533&#038;ssl=1\" alt=\"\" class=\"wp-image-16669\" srcset=\"https:\/\/i0.wp.com\/cdnoticias.com\/wp-content\/uploads\/2021\/03\/Cartel-Estacionamiento-Medido-1024x682.jpg?resize=1024%2C682&amp;ssl=1 1024w, https:\/\/i0.wp.com\/cdnoticias.com\/wp-content\/uploads\/2021\/03\/Cartel-Estacionamiento-Medido-1024x682.jpg?resize=300%2C200&amp;ssl=1 300w, https:\/\/i0.wp.com\/cdnoticias.com\/wp-content\/uploads\/2021\/03\/Cartel-Estacionamiento-Medido-1024x682.jpg?resize=768%2C512&amp;ssl=1 768w, https:\/\/i0.wp.com\/cdnoticias.com\/wp-content\/uploads\/2021\/03\/Cartel-Estacionamiento-Medido-1024x682.jpg?resize=272%2C182&amp;ssl=1 272w\" sizes=\"auto, (max-width: 800px) 100vw, 800px\" \/><\/figure>\n\n\n\n<p>El cierre de esta semana abri\u00f3 la puerta de otro conflicto que involucra al Municipio: \u00bf<strong>qu\u00e9 pasa con el contrato del estacionamiento medido<\/strong>?<\/p>\n\n\n\n<p>A mediados de enero, en una entrevista con LU 32 <a href=\"https:\/\/lu32.com.ar\/nota\/110329\/no-es-lo-mismo-hacer-un-analisis-de-afuera-que-desde-adentro-pero-pudimos-confirmar-todo-lo-que-deciamos\" target=\"_blank\" rel=\"noreferrer noopener\"> la jefa de Gabinete, Mercedes Land\u00edvar, inform\u00f3 que el contrato de la empresa Soluparking -que venci\u00f3 el 3 de enero- se hab\u00eda extendido y que estaban en definici\u00f3n diversos aspectos que hacen a la prestaci\u00f3n del servicio<\/a>. <strong>Y plante\u00f3 su rechazo a que si bien el sistema buscaba ordenar el tr\u00e1nsito, se hab\u00eda convertido en un mecanismo recaudatorio. <\/strong>No dio m\u00e1s detalles, pero ese aspecto es muy relevante.<\/p>\n\n\n\n<figure class=\"wp-block-image size-full\"><img data-recalc-dims=\"1\" loading=\"lazy\" decoding=\"async\" width=\"800\" height=\"445\" src=\"https:\/\/i0.wp.com\/cdnoticias.com\/wp-content\/uploads\/2023\/07\/landivar4.jpg?resize=800%2C445&#038;ssl=1\" alt=\"\" class=\"wp-image-90104\" srcset=\"https:\/\/i0.wp.com\/cdnoticias.com\/wp-content\/uploads\/2023\/07\/landivar4.jpg?w=835&amp;ssl=1 835w, https:\/\/i0.wp.com\/cdnoticias.com\/wp-content\/uploads\/2023\/07\/landivar4.jpg?resize=300%2C167&amp;ssl=1 300w, https:\/\/i0.wp.com\/cdnoticias.com\/wp-content\/uploads\/2023\/07\/landivar4.jpg?resize=768%2C427&amp;ssl=1 768w, https:\/\/i0.wp.com\/cdnoticias.com\/wp-content\/uploads\/2023\/07\/landivar4.jpg?resize=800%2C445&amp;ssl=1 800w\" sizes=\"auto, (max-width: 800px) 100vw, 800px\" \/><\/figure>\n\n\n\n<p><strong>El viernes se supo que los 20 trabajadores fueron despedidos. <\/strong>Los telegramas de preaviso fechan la finalizaci\u00f3n laboral al 31 de marzo. Comunicaron tal situaci\u00f3n al Municipio y el lunes habr\u00e1 una reuni\u00f3n.<\/p>\n\n\n\n<p>En ese marco, el Municipio expuso que se llevaba adelante \u201cla renegociaci\u00f3n del contrato\u201d para prorrogarlo por seis meses y que Soluparking pretend\u00eda \u201cun 250 % de aumento para seguir ofreciendo el servicio\u201d.<strong> Con ese pedido, el Municipio pidi\u00f3 documentaci\u00f3n para analizar los c\u00e1lculos del costo. La respuesta fue \u201cinformaci\u00f3n que demor\u00f3 en llegar y cuando se la obtuvo result\u00f3 ser muy poco clara\u201d se indic\u00f3.<\/strong><\/p>\n\n\n\n<p>En ese contexto interpretaron la decisi\u00f3n de enviar despidos a los trabajadores como una medida para \u201ccondicionar la negociaci\u00f3n\u201d del contrato. <strong><em>\u201cEl Municipio cuenta con un decreto en el que constan todos estos puntos, que enmarca la prestaci\u00f3n del servicio ofrecido hasta el d\u00eda de la fecha -el viernes 2 de febrero- y deja constancia del cese del mismo\u201d <\/em><\/strong>se indic\u00f3 adem\u00e1s. \u00bfQuiere decir que ya no hay concesionaria del estacionamiento medido desde este mismo lunes?<\/p>\n\n\n\n<p>Volvamos a los despidos. <strong>Los trabajadores tienen la representaci\u00f3n del Sindicato de Empleados de Estaciones de Servicio desde donde se adelant\u00f3 que van a ir al Ministerio de Trabajo para presentar un conflicto y que el lunes habr\u00e1 asamblea con los trabajadores. <\/strong>El secretario general Lucas Newbery tir\u00f3 doble: consider\u00f3 que tanto el Municipio como la empresa \u201cdilataron la negociaci\u00f3n\u201d por el contrato.<\/p>\n\n\n\n<p>Este caso est\u00e1 en pleno desarrollo y no sabemos hacia d\u00f3nde ir\u00e1<strong>. En principio vamos a se\u00f1alar un punto vinculado con el pedido de aumento de 250% que present\u00f3 la empresa. <\/strong>Hay que recordar que el contrato incluye un mecanismo de ajuste semestral y que el \u00faltimo aumento que hab\u00eda dado el Municipio fue en julio de 2023 (de alrededor de 30%), por lo que \u201ccorrespond\u00eda\u201d la suba en enero si el contrato se prorrogaba.<\/p>\n\n\n\n<p>Hasta el momento, <strong>el Municipio inform\u00f3 dos \u201cajustes\u201d semestrales, muy lejos de ese porcentaje: las tasas en 106,4% y el boleto de colectivo en alrededor de 90%.<\/strong><\/p>\n\n\n\n<p>Hay otro aspecto m\u00e1s en el que reparar. El canon del estacionamiento medido se destina&nbsp; como fondo de financiamiento para la Asociaci\u00f3n de Bomberos que de esta manera ver\u00eda afectada una fuente de ingresos en caso de que se corte este contrato. Para tener una noci\u00f3n de los pagos que percibe, los \u00faltimos datos oficiales disponibles son de noviembre de 2023 donde se dictaron dos decretos de subsidios a la instituci\u00f3n por 2,1 millones y por 4 millones de pesos, ambos enmarcados en la ordenanza 4.342\/18.<\/p>\n\n\n\n<p><strong>Producto de la casualidad -o no- esta misma semana Bomberos sali\u00f3 a pedir ayuda a la comunidad con donaci\u00f3n de gasoil para abastecer a sus veh\u00edculos.<\/strong> Es que en enero tuvieron m\u00e1s de 150 salidas de emergencia debido a los numerosos incendios forestales que se derivaron de las alt\u00edsimas temperaturas registradas y estaban comprometidas sus reservas de abastecimiento.<\/p>\n\n\n\n<p class=\"has-large-font-size\"><strong>La situaci\u00f3n laboral, el pinche que asoma<\/strong><\/p>\n\n\n\n<figure class=\"wp-block-image size-large\"><img data-recalc-dims=\"1\" loading=\"lazy\" decoding=\"async\" width=\"800\" height=\"445\" src=\"https:\/\/i0.wp.com\/cdnoticias.com\/wp-content\/uploads\/2023\/01\/LOSA-01.jpg?resize=800%2C445&#038;ssl=1\" alt=\"\" class=\"wp-image-75392\" srcset=\"https:\/\/i0.wp.com\/cdnoticias.com\/wp-content\/uploads\/2023\/01\/LOSA-01-scaled.jpg?resize=1024%2C570&amp;ssl=1 1024w, https:\/\/i0.wp.com\/cdnoticias.com\/wp-content\/uploads\/2023\/01\/LOSA-01-scaled.jpg?resize=300%2C167&amp;ssl=1 300w, https:\/\/i0.wp.com\/cdnoticias.com\/wp-content\/uploads\/2023\/01\/LOSA-01-scaled.jpg?resize=768%2C427&amp;ssl=1 768w, https:\/\/i0.wp.com\/cdnoticias.com\/wp-content\/uploads\/2023\/01\/LOSA-01-scaled.jpg?resize=1536%2C855&amp;ssl=1 1536w, https:\/\/i0.wp.com\/cdnoticias.com\/wp-content\/uploads\/2023\/01\/LOSA-01-scaled.jpg?resize=2048%2C1140&amp;ssl=1 2048w, https:\/\/i0.wp.com\/cdnoticias.com\/wp-content\/uploads\/2023\/01\/LOSA-01-scaled.jpg?resize=800%2C445&amp;ssl=1 800w, https:\/\/i0.wp.com\/cdnoticias.com\/wp-content\/uploads\/2023\/01\/LOSA-01-scaled.jpg?w=1600&amp;ssl=1 1600w, https:\/\/i0.wp.com\/cdnoticias.com\/wp-content\/uploads\/2023\/01\/LOSA-01-scaled.jpg?w=2400&amp;ssl=1 2400w\" sizes=\"auto, (max-width: 800px) 100vw, 800px\" \/><\/figure>\n\n\n\n<p><a href=\"https:\/\/radioprovincia.gba.gob.ar\/noticia.php?noti_id=13831\" target=\"_blank\" rel=\"noreferrer noopener\">\u201cEn todas las semanas de enero se informaron despidos de trabajadores\u201d dijo Lucas Miriuka en una entrevista en Radio Provincia. <\/a> El secretario del Ministerio de Trabajo en Olavarr\u00eda expuso el problema que ya es una realidad en el distrito y que lo ser\u00e1 a\u00fan m\u00e1s a futuro. <strong>Lo hab\u00edamos se\u00f1alado en las ediciones de diciembre, despu\u00e9s de que el presidente de la naci\u00f3n comunicara la decisi\u00f3n de parar las obras p\u00fablicas: esa medida tendr\u00e1 alt\u00edsimo impacto en estas tierras, generosas de darse a todo el pa\u00eds en forma de materiales de construcci\u00f3n. El parate nacional -que ser\u00e1 por extensi\u00f3n y colateralmente un parate en muchas provincias tambi\u00e9n- pegar\u00e1 muy fuerte y uno de los golpes clave ser\u00e1 en el \u00edndice de desocupaci\u00f3n.<\/strong><\/p>\n\n\n\n<p><strong><em>\u201cOlavarr\u00eda ten\u00eda hasta hace poco uno de los \u00edndices de desocupaci\u00f3n m\u00e1s bajos de la provincia\u201d <\/em><\/strong>advirti\u00f3 Miriuka. Apunt\u00f3 directo hacia la decisi\u00f3n de Javier Milei. <em>\u201cPara Olavarr\u00eda la cantidad de despidos y paralizaci\u00f3n de obra p\u00fablica, deja de ser una frase linda para algunos y la austeridad para otros, para demostrar lo que verdaderamente esconde. No solamente es el aumento de la desocupaci\u00f3n, sino tambi\u00e9n evidencia un desinter\u00e9s total en la poblaci\u00f3n\u201d.<\/em><\/p>\n\n\n\n<p>Hasta el momento,<strong> el \u201ccimbronazo\u201d fue el cierre de la planta Losa Olavarr\u00eda del grupo Sociedad Comercial del Plata <\/strong>argumentada en la gran ca\u00edda de ventas registrada en diciembre y sin vistas de recuperaci\u00f3n. Los 65 trabajadores fueron reubicados en Cerro Negro, de los mismos propietarios. Pero en esta empresa, para recibirlos, se cort\u00f3 el trabajo para una contratista, lo que significaron 35 despidos. <strong>Sum\u00f3 a ellos 70 desocupados por la paralizaci\u00f3n de la obra en la Facultad de Medicina y 45 por la misma situaci\u00f3n en el acceso a Sierras Bayas.<\/strong><\/p>\n\n\n\n<p>A su vez, <strong>se conocieron 22 despidos en la cantera LCE \u00c1guila Azul, conflicto en el que ya interviene AOMA desde donde se consider\u00f3 posible llegar a un arreglo en la cartera laboral para evitarlos.<\/strong> Los despidos se hab\u00edan argumentado en la decisi\u00f3n de cerrar un turno laboral a ra\u00edz de la ca\u00edda de ventas. Se dej\u00f3 saber que esta empresa est\u00e1 vinculada a la provisi\u00f3n de material para obras p\u00fablicas.<\/p>\n\n\n\n<p>Este caso adelanta c\u00f3mo se podr\u00eda profundizar el problema en la cadena de producci\u00f3n: de las plantas elaboradoras a las canteras, todas las empresas vinculadas a las obras p\u00fablicas se achicar\u00edan y hasta cerrar\u00edan ante una demanda que se reduce hasta el m\u00ednimo posible en busca de saldar el d\u00e9ficit de las cuentas nacionales. <strong>\u00bfY la gente?<\/strong><\/p>\n\n\n\n<p>A esto debemos sumar al menos dos cuestiones visibles: una, <strong>que las acciones de Loma Negra en la bolsa han ido cayendo en los \u00faltimos d\u00edas -m\u00e1s all\u00e1 del sostenido aumento en los \u00faltimos 6 meses-, al mismo tiempo que las ventas se derrumbaron en nuestro pa\u00eds.<\/strong> Con el sost\u00e9n en la obra p\u00fablica, la privada gener\u00f3 un movimiento que \u201cno mueve las agujas\u201d y la paralizaci\u00f3n de trabajos genera honda preocupaci\u00f3n.<\/p>\n\n\n\n<p>La segunda, se conoci\u00f3 casi de forma anecd\u00f3tica. Tras conocerse que un grupo de trabajadores de Cemento Avellaneda adheridos a AOMA no realizar\u00eda paro el 24 de enero, se consult\u00f3 a referentes sindicales por dicha decisi\u00f3n.<em> <strong>\u201cPor m\u00e1s que no paren, ese d\u00eda la producci\u00f3n va a ser cero\u2026porque no est\u00e1n produciendo por falta de ventas\u201d <\/strong><\/em><strong>fue la respuesta rotunda.\u00a0<\/strong><\/p>\n\n\n\n<p>No parece una crisis m\u00e1s.&nbsp;<\/p>\n\n\n\n<p class=\"has-large-font-size\"><strong>Cacerolas, Unidos por la Cultura, el paro<\/strong><\/p>\n\n\n\n<figure class=\"wp-block-image size-full\"><img data-recalc-dims=\"1\" loading=\"lazy\" decoding=\"async\" width=\"800\" height=\"445\" src=\"https:\/\/i0.wp.com\/cdnoticias.com\/wp-content\/uploads\/2024\/01\/palabrazo-cultura-manifestacion-00.jpg?resize=800%2C445&#038;ssl=1\" alt=\"\" class=\"wp-image-107547\" srcset=\"https:\/\/i0.wp.com\/cdnoticias.com\/wp-content\/uploads\/2024\/01\/palabrazo-cultura-manifestacion-00.jpg?w=800&amp;ssl=1 800w, https:\/\/i0.wp.com\/cdnoticias.com\/wp-content\/uploads\/2024\/01\/palabrazo-cultura-manifestacion-00.jpg?resize=300%2C167&amp;ssl=1 300w, https:\/\/i0.wp.com\/cdnoticias.com\/wp-content\/uploads\/2024\/01\/palabrazo-cultura-manifestacion-00.jpg?resize=768%2C427&amp;ssl=1 768w\" sizes=\"auto, (max-width: 800px) 100vw, 800px\" \/><\/figure>\n\n\n\n<p>Fueron las respuestas por las primeras medidas de Javier Milei. El DNU y la Ley \u00d3mnibus (que hasta ahora tiene votaci\u00f3n aprobada en general y todav\u00eda resta conocerse el dictamen completo y las modificaciones) pusieron en riesgo a much\u00edsimos sectores. <strong>Es que justamente, las dos normativas que intenta imponer Milei para gobernar desregulan tantos temas tan distintos y afectan a sectores tan diversos que es imposible poner en palabras -y en un newsletter- siquiera los puntos m\u00e1s destacados.<\/strong><\/p>\n\n\n\n<p>Nos vamos a detener en tres importantes: por un lado,<strong> la criminalizaci\u00f3n de la protesta es un punto en el que la Izquierda y las organizaciones sociales pusieron el grito en el cielo. Obviamente que no es el \u00fanico punto por el que protestan pero s\u00ed el m\u00e1s notorio: el protocolo de seguridad de Patricia Bullrich es tan extremo que, tal como vimos durante la semana, pr\u00e1cticamente impide la protesta. <\/strong>Hubo personas detenidas que estaban manifest\u00e1ndose en la vereda, hubo periodistas y fot\u00f3grafos detenidos que estaban realizando su trabajo, y as\u00ed largos etc\u00e9teras.\u00a0<\/p>\n\n\n\n<p>Justamente, <strong>en Olavarr\u00eda las agrupaciones de izquierda son las que m\u00e1s visiblemente se re\u00fanen en el Paseo Jes\u00fas Mend\u00eda para realizar cacerolazos, con acompa\u00f1amiento de la militancia y en sus \u00faltimas ediciones, con sindicatos y otros referentes pol\u00edticos y culturales.<\/strong><\/p>\n\n\n\n<figure class=\"wp-block-image size-full\"><img data-recalc-dims=\"1\" loading=\"lazy\" decoding=\"async\" width=\"800\" height=\"445\" src=\"https:\/\/i0.wp.com\/cdnoticias.com\/wp-content\/uploads\/2023\/12\/artistas-dnu-28-dic-cacerolazo-5.jpg?resize=800%2C445&#038;ssl=1\" alt=\"\" class=\"wp-image-105379\" srcset=\"https:\/\/i0.wp.com\/cdnoticias.com\/wp-content\/uploads\/2023\/12\/artistas-dnu-28-dic-cacerolazo-5.jpg?w=1000&amp;ssl=1 1000w, https:\/\/i0.wp.com\/cdnoticias.com\/wp-content\/uploads\/2023\/12\/artistas-dnu-28-dic-cacerolazo-5.jpg?resize=300%2C167&amp;ssl=1 300w, https:\/\/i0.wp.com\/cdnoticias.com\/wp-content\/uploads\/2023\/12\/artistas-dnu-28-dic-cacerolazo-5.jpg?resize=768%2C427&amp;ssl=1 768w, https:\/\/i0.wp.com\/cdnoticias.com\/wp-content\/uploads\/2023\/12\/artistas-dnu-28-dic-cacerolazo-5.jpg?resize=800%2C445&amp;ssl=1 800w\" sizes=\"auto, (max-width: 800px) 100vw, 800px\" \/><\/figure>\n\n\n\n<p>Si de Cultura hablamos, la Ley \u00d3mnibus ataca directamente al fomento de la cultura e incluso a sectores que no dependen directamente del Estado, como el Incaa. <strong>Ante esta alarma y la posiblidad de que instituciones emblem\u00e1ticas queden sin financiamiento o sean directamente cerradas, diversos -y amplios- integrantes de la cultura olavarriense comenzaron a protestar durante todos los jueves para pararse en contra del DNU y la Ley \u00d3mnibus.<\/strong><\/p>\n\n\n\n<p><strong>Con una metodolog\u00eda distinta -el arte como protesta- son las que m\u00e1s convocatoria sostenida han tenido<\/strong>: decenas de personas todos los jueves participaron de ruidazos, lecturas, intervenciones art\u00edsticas e incluso recitales en el Spinettazo del jueves pasado. El sector se muestra muy unido y con mucha fuerza para pelear desde nuestra ciudad para que no se avance en la cultura nacional -con injerencia y afectaci\u00f3n local-.\u00a0<\/p>\n\n\n\n<p><strong>El tercer punto es el laboral.<\/strong> Con fuertes modificaciones a las leyes laborales (incluso la Justicia ya fall\u00f3 en contra de esas modificaciones por catalogarlas de inconstitucionales)<strong> la CGT local convoc\u00f3 a movilizaciones y encabez\u00f3 el paro general del 24 de enero, con participaci\u00f3n de m\u00faltiples sectores sociales, una gran cantidad de vecinos y vecinas sin bander\u00eda pol\u00edtica e incluso el intendente Wesner e integrantes de su gabinete que caminaron entre el p\u00fablico.<\/strong><\/p>\n\n\n\n<figure class=\"wp-block-image size-full\"><img data-recalc-dims=\"1\" loading=\"lazy\" decoding=\"async\" width=\"800\" height=\"445\" src=\"https:\/\/i0.wp.com\/cdnoticias.com\/wp-content\/uploads\/2024\/01\/marcha-cgt-00.jpg?resize=800%2C445&#038;ssl=1\" alt=\"\" class=\"wp-image-107467\" srcset=\"https:\/\/i0.wp.com\/cdnoticias.com\/wp-content\/uploads\/2024\/01\/marcha-cgt-00.jpg?w=800&amp;ssl=1 800w, https:\/\/i0.wp.com\/cdnoticias.com\/wp-content\/uploads\/2024\/01\/marcha-cgt-00.jpg?resize=300%2C167&amp;ssl=1 300w, https:\/\/i0.wp.com\/cdnoticias.com\/wp-content\/uploads\/2024\/01\/marcha-cgt-00.jpg?resize=768%2C427&amp;ssl=1 768w\" sizes=\"auto, (max-width: 800px) 100vw, 800px\" \/><\/figure>\n\n\n\n<p>Fueron d\u00edas muy movidos. Se ve que nos extra\u00f1aban (?) porque como ya avisamos, no alcanzan las ediciones para repasar todo lo sucedido. <strong>S\u00ed es cierto que de a partes se expresa el todo: si bien cada uno tiene razones particulares para protestar contra el gobierno de Milei, la suma de todo eso genera el rechazo total al DNU o a la Ley \u00d3mnibus. La segunda se encamina a ser aprobada al menos en buena parte, para el primero resta un cap\u00edtulo m\u00e1s, el del Congreso.<\/strong><\/p>\n\n\n\n<p>A todo esto,<strong> la Ley de Zona Fr\u00eda, que subsidia consumos a usuarios de muchos sectores del pa\u00eds incluyendo Olavarr\u00eda, parece que sigue en pie: no qued\u00f3 incluida su derogaci\u00f3n ni modificaci\u00f3n en el texto de la Ley \u00d3mnibus. <\/strong>De cualquier manera, ser\u00e1 un tema para seguir y prestar atenci\u00f3n en el transcurso del mes con todas las modificaciones tarifarias que se vienen. \u00bfVos tambi\u00e9n ten\u00e9s pesadillas con la factura de gas de julio?<\/p>\n\n\n\n<p class=\"has-large-font-size\"><strong>Cortitas<\/strong><\/p>\n\n\n\n<p><strong>Los delegados en las localidades. <\/strong>Wesner decidi\u00f3 mantener a los delegados que ganaron las \u00faltimas elecciones realizadas en abril de 2022. Esta definici\u00f3n llev\u00f3 a tres cambios. En Sierra Chica asumi\u00f3 N\u00e9stor Crevat\u00edn. En Sierras Bayas volvi\u00f3 Guillermo Rikal, quien hab\u00eda sido desplazado el agosto pasado por Galli. Y en Hinojo donde Ra\u00fal Kuhn, quien era el delegado electo, rechaz\u00f3 asumir: Cecilia Roth qued\u00f3 en el cargo y, de esta manera, es la \u00fanica delegada elegida por el intendente. Hasta ahora, no hubo pronunciamiento sobre pr\u00f3ximas elecciones de delegados.<\/p>\n\n\n\n<figure class=\"wp-block-embed is-type-wp-embed is-provider-central-de-noticias-olavarr-a wp-block-embed-central-de-noticias-olavarr-a\"><div class=\"wp-block-embed__wrapper\">\n<blockquote class=\"wp-embedded-content\" data-secret=\"AHD3Te5jyK\"><a href=\"https:\/\/cdnoticias.com\/index.php\/2024\/01\/15\/delegados-de-localidades-wesner-confirmo-que-seran-los-mas-votados-de-las-ultimas-elecciones\/\">Delegados de localidades: Wesner confirm\u00f3 que ser\u00e1n los m\u00e1s votados de las \u00faltimas elecciones<\/a><\/blockquote><iframe loading=\"lazy\" class=\"wp-embedded-content\" sandbox=\"allow-scripts\" security=\"restricted\" style=\"position: absolute; clip: rect(1px, 1px, 1px, 1px);\" title=\"&#8220;Delegados de localidades: Wesner confirm\u00f3 que ser\u00e1n los m\u00e1s votados de las \u00faltimas elecciones&#8221; &#8212; Central de Noticias | Olavarr\u00eda\" src=\"https:\/\/cdnoticias.com\/index.php\/2024\/01\/15\/delegados-de-localidades-wesner-confirmo-que-seran-los-mas-votados-de-las-ultimas-elecciones\/embed\/#?secret=sX1MIj8fOJ#?secret=AHD3Te5jyK\" data-secret=\"AHD3Te5jyK\" width=\"600\" height=\"338\" frameborder=\"0\" marginwidth=\"0\" marginheight=\"0\" scrolling=\"no\"><\/iframe>\n<\/div><\/figure>\n\n\n\n<p><strong>TUVI con entrega y quejas. <\/strong>Seis construcciones bajo el sistema de steel framing fueron entregadas en un acto que no tuvo difusi\u00f3n municipal hasta muchas horas despu\u00e9s de realizado. El secretario de Obras P\u00fablicas, Orfel Fari\u00f1a, expuso que recibi\u00f3 a un grupo de quienes viven en las primeras casas TUVI de madera (wood framing): \u201cnos trasladaban su preocupaci\u00f3n por el estado en que se encuentran. Las familias no tienen la culpa, pero lamentablemente esto era esperable, estamos trabajando para darles una respuesta y llegar a un acuerdo\u201d.<\/p>\n\n\n\n<figure class=\"wp-block-embed is-type-wp-embed is-provider-central-de-noticias-olavarr-a wp-block-embed-central-de-noticias-olavarr-a\"><div class=\"wp-block-embed__wrapper\">\n<blockquote class=\"wp-embedded-content\" data-secret=\"4oahQWwKyf\"><a href=\"https:\/\/cdnoticias.com\/index.php\/2024\/01\/30\/tuvi-industrializadas-se-entregaron-6-casas-y-hay-preocupacion-por-el-estado-de-las-anteriores\/\">TUVI Industrializadas: se entregaron 6 casas y hay preocupaci\u00f3n por el estado de las anteriores<\/a><\/blockquote><iframe loading=\"lazy\" class=\"wp-embedded-content\" sandbox=\"allow-scripts\" security=\"restricted\" style=\"position: absolute; clip: rect(1px, 1px, 1px, 1px);\" title=\"&#8220;TUVI Industrializadas: se entregaron 6 casas y hay preocupaci\u00f3n por el estado de las anteriores&#8221; &#8212; Central de Noticias | Olavarr\u00eda\" src=\"https:\/\/cdnoticias.com\/index.php\/2024\/01\/30\/tuvi-industrializadas-se-entregaron-6-casas-y-hay-preocupacion-por-el-estado-de-las-anteriores\/embed\/#?secret=2hH2GeA5mL#?secret=4oahQWwKyf\" data-secret=\"4oahQWwKyf\" width=\"600\" height=\"338\" frameborder=\"0\" marginwidth=\"0\" marginheight=\"0\" scrolling=\"no\"><\/iframe>\n<\/div><\/figure>\n\n\n\n<p><strong>La Lista Verde, reloaded. <\/strong>Despu\u00e9s de su aparici\u00f3n en 2021 donde finalmente no pudieron participar de las elecciones en Coopelectric, el sector volvi\u00f3 con intenciones de competir por la conducci\u00f3n de la cooperativa este a\u00f1o. Con Luis Cavalli como referente se present\u00f3 el viernes la agrupaci\u00f3n. <a href=\"https:\/\/www.lu32.com.ar\/nota\/110586\/se-lanzo-oficialmente-la-lista-verde-de-coopelectric-para-2024\" target=\"_blank\" rel=\"noreferrer noopener\">Se inform\u00f3 que hay \u201cm\u00e1s de mil ochocientos millones de pesos de p\u00e9rdidas ($1.870.084) en el balance presentado en el 2023\u201d.<\/a><\/p>\n\n\n\n<p><strong>Un extracto<\/strong><\/p>\n\n\n\n<p>Esta publicaci\u00f3n es parte de la edici\u00f3n de este domingo del newsletter Volver a las Fuentes que escriben Alexis Grierson y Josefina Bargas. <a href=\"https:\/\/mailchi.mp\/7e97cef24886\/atacar-el-problema\">La edici\u00f3n completa est\u00e1 disponible aqu\u00ed<\/a> y tiene un <a href=\"https:\/\/linktr.ee\/nhdp_valf\">sistema de suscripci\u00f3n econ\u00f3mica y aportes \u00fanicos al que se puede acceder aqu\u00ed.<\/a><\/p>\n","protected":false},"excerpt":{"rendered":"<p>El agitado inicio de la gesti\u00f3n Wesner y la iniciativa en lugares &#8220;invisibilizados&#8221; durante a\u00f1os. La negociaci\u00f3n paritaria y las<\/p>\n","protected":false},"author":2,"featured_media":107313,"comment_status":"closed","ping_status":"closed","sticky":false,"template":"","format":"standard","meta":{"_jetpack_memberships_contains_paid_content":false,"footnotes":""},"categories":[4,1],"tags":[],"class_list":["post-108116","post","type-post","status-publish","format-standard","has-post-thumbnail","hentry","category-politica","category-portada"],"jetpack_featured_media_url":"https:\/\/i0.wp.com\/cdnoticias.com\/wp-content\/uploads\/2024\/01\/WhatsApp-Image-2024-01-23-at-09.27.56.jpg?fit=795%2C442&ssl=1","jetpack_sharing_enabled":true,"_links":{"self":[{"href":"https:\/\/cdnoticias.com\/index.php\/wp-json\/wp\/v2\/posts\/108116","targetHints":{"allow":["GET"]}}],"collection":[{"href":"https:\/\/cdnoticias.com\/index.php\/wp-json\/wp\/v2\/posts"}],"about":[{"href":"https:\/\/cdnoticias.com\/index.php\/wp-json\/wp\/v2\/types\/post"}],"author":[{"embeddable":true,"href":"https:\/\/cdnoticias.com\/index.php\/wp-json\/wp\/v2\/users\/2"}],"replies":[{"embeddable":true,"href":"https:\/\/cdnoticias.com\/index.php\/wp-json\/wp\/v2\/comments?post=108116"}],"version-history":[{"count":0,"href":"https:\/\/cdnoticias.com\/index.php\/wp-json\/wp\/v2\/posts\/108116\/revisions"}],"wp:featuredmedia":[{"embeddable":true,"href":"https:\/\/cdnoticias.com\/index.php\/wp-json\/wp\/v2\/media\/107313"}],"wp:attachment":[{"href":"https:\/\/cdnoticias.com\/index.php\/wp-json\/wp\/v2\/media?parent=108116"}],"wp:term":[{"taxonomy":"category","embeddable":true,"href":"https:\/\/cdnoticias.com\/index.php\/wp-json\/wp\/v2\/categories?post=108116"},{"taxonomy":"post_tag","embeddable":true,"href":"https:\/\/cdnoticias.com\/index.php\/wp-json\/wp\/v2\/tags?post=108116"}],"curies":[{"name":"wp","href":"https:\/\/api.w.org\/{rel}","templated":true}]}}