{"id":108083,"date":"2024-02-04T12:13:57","date_gmt":"2024-02-04T15:13:57","guid":{"rendered":"https:\/\/cdnoticias.com\/?p=108083"},"modified":"2024-02-04T12:14:00","modified_gmt":"2024-02-04T15:14:00","slug":"participacion-silvia-susana-held-de-sallies-susy-q-e-p-d","status":"publish","type":"post","link":"https:\/\/cdnoticias.com\/index.php\/2024\/02\/04\/participacion-silvia-susana-held-de-sallies-susy-q-e-p-d\/","title":{"rendered":"PARTICIPACI\u00d3N: Silvia Susana Held de Sallies \u201cSusy\u201d (Q.E.P.D.)"},"content":{"rendered":"<p>Falleci\u00f3 en CABA el 3 de febrero de 2024 a los 71 a\u00f1os. <\/p>\n<p>Sus amigos del Grupo Pensar, Jos\u00e9, Fernando y Augusto acompa\u00f1an a su familia en el dolor. <\/p>\n","protected":false},"excerpt":{"rendered":"<p>Falleci\u00f3 en CABA el 3 de febrero de 2024 a los 71 a\u00f1os. Sus amigos del Grupo Pensar, Jos\u00e9, Fernando<\/p>\n","protected":false},"author":2,"featured_media":0,"comment_status":"closed","ping_status":"closed","sticky":false,"template":"","format":"standard","meta":{"_jetpack_memberships_contains_paid_content":false,"footnotes":""},"categories":[10],"tags":[],"class_list":["post-108083","post","type-post","status-publish","format-standard","hentry","category-necrologicas"],"jetpack_featured_media_url":"","jetpack_sharing_enabled":true,"_links":{"self":[{"href":"https:\/\/cdnoticias.com\/index.php\/wp-json\/wp\/v2\/posts\/108083","targetHints":{"allow":["GET"]}}],"collection":[{"href":"https:\/\/cdnoticias.com\/index.php\/wp-json\/wp\/v2\/posts"}],"about":[{"href":"https:\/\/cdnoticias.com\/index.php\/wp-json\/wp\/v2\/types\/post"}],"author":[{"embeddable":true,"href":"https:\/\/cdnoticias.com\/index.php\/wp-json\/wp\/v2\/users\/2"}],"replies":[{"embeddable":true,"href":"https:\/\/cdnoticias.com\/index.php\/wp-json\/wp\/v2\/comments?post=108083"}],"version-history":[{"count":0,"href":"https:\/\/cdnoticias.com\/index.php\/wp-json\/wp\/v2\/posts\/108083\/revisions"}],"wp:attachment":[{"href":"https:\/\/cdnoticias.com\/index.php\/wp-json\/wp\/v2\/media?parent=108083"}],"wp:term":[{"taxonomy":"category","embeddable":true,"href":"https:\/\/cdnoticias.com\/index.php\/wp-json\/wp\/v2\/categories?post=108083"},{"taxonomy":"post_tag","embeddable":true,"href":"https:\/\/cdnoticias.com\/index.php\/wp-json\/wp\/v2\/tags?post=108083"}],"curies":[{"name":"wp","href":"https:\/\/api.w.org\/{rel}","templated":true}]}}