{"id":108077,"date":"2024-02-04T10:20:39","date_gmt":"2024-02-04T13:20:39","guid":{"rendered":"https:\/\/cdnoticias.com\/?p=108077"},"modified":"2024-02-04T17:56:42","modified_gmt":"2024-02-04T20:56:42","slug":"las-ventas-minoristas-pyme-cayeron-285-anual-en-enero","status":"publish","type":"post","link":"https:\/\/cdnoticias.com\/index.php\/2024\/02\/04\/las-ventas-minoristas-pyme-cayeron-285-anual-en-enero\/","title":{"rendered":"Las ventas minoristas pyme cayeron 28,5% anual en enero"},"content":{"rendered":"<p>As\u00ed lo indica un informe de la Confederaci\u00f3n Argentina de la Mediana Empresa (CAME). Los rubros m\u00e1s perjudicados fueron Farmacias y Alimentos y Bebidas.<!--more--><\/p>\n<hr \/>\n<p>La <strong>Confederaci\u00f3n Argentina de la Mediana Empresa (CAME)<\/strong> realiz\u00f3 un informe en el que se observa que en enero 2024, las ventas minoristas de las peque\u00f1as y medianas empresas experimentaron una significativa disminuci\u00f3n del 28,5% en comparaci\u00f3n con el mismo per\u00edodo del a\u00f1o anterior, seg\u00fan la medici\u00f3n a precios constantes. A nivel intermensual desestacionalizado, se registr\u00f3 un descenso del 6,4%.<strong> Este inicio de a\u00f1o se caracteriz\u00f3 por un mal desempe\u00f1o en el sector comercial, marcado por escasas transacciones y una baja afluencia de p\u00fablico en los locales.<\/strong><\/p>\n<p>A pesar de este escenario desafiante, <strong>el sector textil emergi\u00f3 como la excepci\u00f3n<\/strong>, logrando un aumento del 0,9% en comparaci\u00f3n con enero del a\u00f1o anterior (en aquella ocasi\u00f3n hab\u00eda registrado una baja del 14,4%) siempre considerando los precios constantes. Este incremento se atribuye a la <strong>combinaci\u00f3n de ofertas atractivas y a las compras realizadas en gran cantidad por turistas internacionales<\/strong> que recorrieron las ciudades argentinas.<\/p>\n<p>En t\u00e9rminos generales, los comercios consultados coinciden en que<strong> enero fue un mes perdido.<\/strong> Principalmente debido a la <strong>incertidumbre econ\u00f3mica y al pronunciado aumento de los precios,<\/strong> que no fue acompa\u00f1ado por un ajuste en los salarios. Para el consumidor promedio, todo result\u00f3 costoso, lo que llev\u00f3 a una selecci\u00f3n m\u00e1s cuidadosa de compras, priorizando las necesidades m\u00e1s urgentes para resguardar ingresos. Sin embargo, queda una considerable demanda postergada, y se espera que parte de ella pueda recuperarse durante el mes de febrero.<\/p>\n<p>As\u00ed surge del \u00cdndice de Ventas Minoristas Pymes de la Confederaci\u00f3n Argentina de la en Mediana Empresa (CAME), elaborado en base a un relevamiento mensual entre <strong>1.256 comercios minoristas del pa\u00eds, realizado del 1 y 2 de febrero de 2024.<\/strong><\/p>\n<h2>An\u00e1lisis sectorial<\/h2>\n<p>Seis de los siete rubros relevados en diciembre registraron ca\u00eddas interanuales en sus ventas. La mayor retracci\u00f3n anual se detect\u00f3 en <strong>Farmacias (-45,8%),<\/strong> seguido por <strong>Alimentos y Bebidas (-37,1%).<\/strong> El \u00fanico sector en alza fue <strong>Textil e Indumentaria (+0,9%).<\/strong><\/p>\n","protected":false},"excerpt":{"rendered":"<p>As\u00ed lo indica un informe de la Confederaci\u00f3n Argentina de la Mediana Empresa (CAME). Los rubros m\u00e1s perjudicados fueron Farmacias<\/p>\n","protected":false},"author":2,"featured_media":108078,"comment_status":"closed","ping_status":"closed","sticky":false,"template":"","format":"standard","meta":{"_jetpack_memberships_contains_paid_content":false,"footnotes":""},"categories":[6,1],"tags":[],"class_list":["post-108077","post","type-post","status-publish","format-standard","has-post-thumbnail","hentry","category-nacionales","category-portada"],"jetpack_featured_media_url":"https:\/\/i0.wp.com\/cdnoticias.com\/wp-content\/uploads\/2024\/02\/supermercado-comercio-ventas-came.jpeg?fit=1600%2C1200&ssl=1","jetpack_sharing_enabled":true,"_links":{"self":[{"href":"https:\/\/cdnoticias.com\/index.php\/wp-json\/wp\/v2\/posts\/108077","targetHints":{"allow":["GET"]}}],"collection":[{"href":"https:\/\/cdnoticias.com\/index.php\/wp-json\/wp\/v2\/posts"}],"about":[{"href":"https:\/\/cdnoticias.com\/index.php\/wp-json\/wp\/v2\/types\/post"}],"author":[{"embeddable":true,"href":"https:\/\/cdnoticias.com\/index.php\/wp-json\/wp\/v2\/users\/2"}],"replies":[{"embeddable":true,"href":"https:\/\/cdnoticias.com\/index.php\/wp-json\/wp\/v2\/comments?post=108077"}],"version-history":[{"count":0,"href":"https:\/\/cdnoticias.com\/index.php\/wp-json\/wp\/v2\/posts\/108077\/revisions"}],"wp:featuredmedia":[{"embeddable":true,"href":"https:\/\/cdnoticias.com\/index.php\/wp-json\/wp\/v2\/media\/108078"}],"wp:attachment":[{"href":"https:\/\/cdnoticias.com\/index.php\/wp-json\/wp\/v2\/media?parent=108077"}],"wp:term":[{"taxonomy":"category","embeddable":true,"href":"https:\/\/cdnoticias.com\/index.php\/wp-json\/wp\/v2\/categories?post=108077"},{"taxonomy":"post_tag","embeddable":true,"href":"https:\/\/cdnoticias.com\/index.php\/wp-json\/wp\/v2\/tags?post=108077"}],"curies":[{"name":"wp","href":"https:\/\/api.w.org\/{rel}","templated":true}]}}