{"id":108073,"date":"2024-02-04T09:35:02","date_gmt":"2024-02-04T12:35:02","guid":{"rendered":"https:\/\/cdnoticias.com\/?p=108073"},"modified":"2024-02-04T10:20:53","modified_gmt":"2024-02-04T13:20:53","slug":"ley-omnibus-cual-es-el-camino-que-debe-seguir-tras-su-aprobacion-en-general-en-diputados","status":"publish","type":"post","link":"https:\/\/cdnoticias.com\/index.php\/2024\/02\/04\/ley-omnibus-cual-es-el-camino-que-debe-seguir-tras-su-aprobacion-en-general-en-diputados\/","title":{"rendered":"Ley \u00d3mnibus: cu\u00e1l es el camino que debe seguir tras su aprobaci\u00f3n en general en Diputados"},"content":{"rendered":"<p>El proyecto obtuvo 144 votos a favor y 109 en contra en la C\u00e1mara baja. El martes comenzar\u00e1 el tratamiento particular de cada art\u00edculo.<!--more--><\/p>\n<hr \/>\n<p>La Ley Bases, u \u00d3mnibus, el megaproyecto impulsado por el gobierno de Javier Milei,<a href=\"https:\/\/cdnoticias.com\/index.php\/2024\/02\/02\/ley-omnibus-con-144-votos-a-favor-fue-aprobada-en-general\/\" target=\"_blank\" rel=\"noopener\"> obtuvo 144 fotos a favor<\/a> -La Libertad Avanza, el PRO, la UCR, Hacemos Coalici\u00f3n Federal e Innovaci\u00f3n Federal- y 109 en contra -Uni\u00f3n por la Patria y la izquierda- en la C\u00e1mara de Diputados. Ahora, \u00bfcu\u00e1l es el largo camino hacia su promulgaci\u00f3n?<\/p>\n<p>Primero tiene que pasar por el Senado, aunque <strong>todav\u00eda tiene que superar la votaci\u00f3n en particular de los art\u00edculos,<\/strong> y despu\u00e9s ver si la C\u00e1mara alta introduce revisiones para luego pasar al Presidente.<\/p>\n<p>El proyecto de ley original <strong>ten\u00eda 644 art\u00edculos, pero tras m\u00faltiples conversaciones y acuerdos se redujeron a 224.<\/strong> En el camino quedaron afuera, o se modificaron bastante, o van a terminar discuti\u00e9ndose despu\u00e9s, cuestiones pol\u00e9micas como privatizaciones, jubilaciones, el Fondo de Garant\u00eda de Sustentabilidad, el cap\u00edtulo fiscal o el impuesto PAIS.<\/p>\n<p>La cuesti\u00f3n es que <strong>el tratamiento de la iniciativa art\u00edculo por art\u00edculo comenzar\u00e1 el martes 6.<\/strong> Y ser\u00e1n clave las negociaciones entre los funcionarios del Gobierno y los bloques dialoguistas para intentar superar los puntos donde a\u00fan existen discrepancias, como las facultades delegadas a Milei.<\/p>\n<h2>A la C\u00e1mara alta<\/h2>\n<p>Despu\u00e9s de lo que se presume ser\u00e1 una largu\u00edsima discusi\u00f3n, <strong>si se aprueban los puntos en particular reci\u00e9n ah\u00ed el proyecto pasar\u00e1 al Senado.<\/strong> \u00c9ste, constituido como c\u00e1mara revisora, lo puede aprobar, rechazar o devolver con sus correcciones. All\u00ed habr\u00e1 que ver si Diputados acepta esas modificaciones, para que el texto se sancione aprobado. Pero tambi\u00e9n puede ocurrir que la C\u00e1mara baja insista con la redacci\u00f3n original, y all\u00ed deber\u00e1 alcanzar la misma mayor\u00eda de 144 votos, o una superior que la del Senado, para que se sancione el texto aprobado este viernes.<\/p>\n<p>Una vez que ambas C\u00e1maras del Congreso sancionen el proyecto de ley, \u00e9sta pasa al Poder Ejecutivo. Javier Milei puede aprobar y promulgar la ley, que luego se publica en el Bolet\u00edn Oficial y entra en vigencia; o bien la puede vetar de forma total o parcial, lo cual es muy improbable que ocurra en este caso ya que el proyecto es uno de los pilares de La Libertad Avanza.<\/p>\n<p><em>Fuente: DIB.<\/em><\/p>\n","protected":false},"excerpt":{"rendered":"<p>El proyecto obtuvo 144 votos a favor y 109 en contra en la C\u00e1mara baja. El martes comenzar\u00e1 el tratamiento<\/p>\n","protected":false},"author":2,"featured_media":108074,"comment_status":"closed","ping_status":"closed","sticky":false,"template":"","format":"standard","meta":{"_jetpack_memberships_contains_paid_content":false,"footnotes":""},"categories":[6,1],"tags":[],"class_list":["post-108073","post","type-post","status-publish","format-standard","has-post-thumbnail","hentry","category-nacionales","category-portada"],"jetpack_featured_media_url":"https:\/\/i0.wp.com\/cdnoticias.com\/wp-content\/uploads\/2024\/02\/ley-omnibus-aprobacion-general.jpeg?fit=1600%2C1066&ssl=1","jetpack_sharing_enabled":true,"_links":{"self":[{"href":"https:\/\/cdnoticias.com\/index.php\/wp-json\/wp\/v2\/posts\/108073","targetHints":{"allow":["GET"]}}],"collection":[{"href":"https:\/\/cdnoticias.com\/index.php\/wp-json\/wp\/v2\/posts"}],"about":[{"href":"https:\/\/cdnoticias.com\/index.php\/wp-json\/wp\/v2\/types\/post"}],"author":[{"embeddable":true,"href":"https:\/\/cdnoticias.com\/index.php\/wp-json\/wp\/v2\/users\/2"}],"replies":[{"embeddable":true,"href":"https:\/\/cdnoticias.com\/index.php\/wp-json\/wp\/v2\/comments?post=108073"}],"version-history":[{"count":0,"href":"https:\/\/cdnoticias.com\/index.php\/wp-json\/wp\/v2\/posts\/108073\/revisions"}],"wp:featuredmedia":[{"embeddable":true,"href":"https:\/\/cdnoticias.com\/index.php\/wp-json\/wp\/v2\/media\/108074"}],"wp:attachment":[{"href":"https:\/\/cdnoticias.com\/index.php\/wp-json\/wp\/v2\/media?parent=108073"}],"wp:term":[{"taxonomy":"category","embeddable":true,"href":"https:\/\/cdnoticias.com\/index.php\/wp-json\/wp\/v2\/categories?post=108073"},{"taxonomy":"post_tag","embeddable":true,"href":"https:\/\/cdnoticias.com\/index.php\/wp-json\/wp\/v2\/tags?post=108073"}],"curies":[{"name":"wp","href":"https:\/\/api.w.org\/{rel}","templated":true}]}}