{"id":108065,"date":"2024-02-03T20:32:47","date_gmt":"2024-02-03T23:32:47","guid":{"rendered":"https:\/\/cdnoticias.com\/?p=108065"},"modified":"2024-02-04T17:16:06","modified_gmt":"2024-02-04T20:16:06","slug":"estacionamiento-medido-buscaran-la-intermediacion-del-ministerio-de-trabajo","status":"publish","type":"post","link":"https:\/\/cdnoticias.com\/index.php\/2024\/02\/03\/estacionamiento-medido-buscaran-la-intermediacion-del-ministerio-de-trabajo\/","title":{"rendered":"Estacionamiento Medido: buscar\u00e1n la intermediaci\u00f3n del Ministerio de Trabajo"},"content":{"rendered":"\n<p>As\u00ed lo confirm\u00f3 el secretario general del gremio que los agrupa, Lucas Newbery (Estaciones de Servicio). Se\u00f1alaron que tanto la empresa como el Municipio \u201cdilataron\u201d la renovaci\u00f3n del contrato que deriv\u00f3 en el despido.<\/p>\n\n\n\n<hr class=\"wp-block-separator aligncenter has-alpha-channel-opacity\"\/>\n\n\n\n<p>Este s\u00e1bado, <strong>desde el Sindicato de Empleados de Estaciones de Servicio (que aglutina por convenio a los trabajadores del Estacionamiento Medido) confirmaron en di\u00e1logo con Central de Noticias que buscar\u00e1n que la delegaci\u00f3n del Ministerio de Trabajo ubicada en nuestra ciudad interceda en el conflicto por el cual 20 empleados de SoluParking tengan garantizada la continuidad laboral tras el despido por parte de la empresa.<\/strong><\/p>\n\n\n\n<p>Cabe recordar que <strong>los preavisos de cese de funciones se dieron en las \u00faltimas horas, en medio de la negociaci\u00f3n de una extensi\u00f3n del contrato del servicio de Estacionamiento Medido de Soluparking con el Municipio y con acusaciones de parte de la comuna de transformar el servicio en <em>\u201cuna cuesti\u00f3n meramente recaudatoria\u201d <\/em><\/strong>por fuera del reordenamiento de tr\u00e1nsito en el Microcentro.<\/p>\n\n\n\n<figure class=\"wp-block-embed is-type-wp-embed is-provider-central-de-noticias-olavarr-a wp-block-embed-central-de-noticias-olavarr-a\"><div class=\"wp-block-embed__wrapper\">\n<blockquote class=\"wp-embedded-content\" data-secret=\"ht3U5BJUxE\"><a href=\"https:\/\/cdnoticias.com\/index.php\/2024\/02\/02\/despidieron-a-los-trabajadores-de-estacionamiento-medido-seran-recibidos-por-el-municipio\/\">Despidieron a los trabajadores de Estacionamiento Medido: ser\u00e1n recibidos por el Municipio<\/a><\/blockquote><iframe loading=\"lazy\" class=\"wp-embedded-content\" sandbox=\"allow-scripts\" security=\"restricted\" style=\"position: absolute; clip: rect(1px, 1px, 1px, 1px);\" title=\"&#8220;Despidieron a los trabajadores de Estacionamiento Medido: ser\u00e1n recibidos por el Municipio&#8221; &#8212; Central de Noticias | Olavarr\u00eda\" src=\"https:\/\/cdnoticias.com\/index.php\/2024\/02\/02\/despidieron-a-los-trabajadores-de-estacionamiento-medido-seran-recibidos-por-el-municipio\/embed\/#?secret=hcaPJeFRPw#?secret=ht3U5BJUxE\" data-secret=\"ht3U5BJUxE\" width=\"600\" height=\"338\" frameborder=\"0\" marginwidth=\"0\" marginheight=\"0\" scrolling=\"no\"><\/iframe>\n<\/div><\/figure>\n\n\n\n<p>En di\u00e1logo con este medio,<strong> el secretario general de SOESGyPE, Lucas Newbery, indic\u00f3 que tanto el Municipio como la empresa \u201cdilataron la negociaci\u00f3n\u201d que deriv\u00f3 en la falta de acuerdo y la emisi\u00f3n de los preavisos que llegaron a los 20 empleados.<\/strong><\/p>\n\n\n\n<p>\u201c<em><strong>Vamos a pedir la intervenci\u00f3n del Ministerio de Trabajo para que genere una mesa de di\u00e1logo donde est\u00e9n todas las partes: el Municipio, la empresa y los trabajadores agremiados\u201d <\/strong><\/em>y agreg\u00f3 que <em>\u201cel lunes a las 9 realizaremos una asamblea en el lugar de trabajo y tras escucharlos, dialogaremos con el Ejecutivo sobre los pasos a seguir\u201d.<\/em><\/p>\n\n\n\n<p>Justamente, resaltaron como una variable a tener en cuenta que <strong>los preavisos dan cuenta del cese de funciones laborales el 31 de marzo y no el 29 de febrero pr\u00f3ximo. De todas maneras, esperar\u00e1n el an\u00e1lisis de las partes involucradas.<\/strong><\/p>\n\n\n\n<p><em><strong>\u201cA nosotros lo que nos interesa es la continuidad laboral, con las condiciones con las que actualmente se encuentran los trabajadores. No queremos interferir ni ser parte de una negociaci\u00f3n por un servicio entre el Municipio y la empresa, Soluparking en este caso\u201d <\/strong><\/em>agreg\u00f3 Newbery.<\/p>\n\n\n\n<p>Confirm\u00f3 que trata de 20 trabajadores los afectados y que hay realidades diversas:<em> \u201chay trabajadores que son nuevos que tom\u00f3 la empresa y otros, de muchos a\u00f1os de trayectoria, que provienen de la gesti\u00f3n de Estacionamiento de la Asociaci\u00f3n de Bomberos. Es una parte tambi\u00e9n involucrada, por lo que tendremos que trabajar arduamente para llegar a los acuerdos necesarios\u201d<\/em> cerr\u00f3 el gremialista.<\/p>\n","protected":false},"excerpt":{"rendered":"<p>As\u00ed lo confirm\u00f3 el secretario general del gremio que los agrupa, Lucas Newbery (Estaciones de Servicio). Se\u00f1alaron que tanto la<\/p>\n","protected":false},"author":2,"featured_media":16669,"comment_status":"closed","ping_status":"closed","sticky":false,"template":"","format":"standard","meta":{"_jetpack_memberships_contains_paid_content":false,"footnotes":""},"categories":[5,1],"tags":[],"class_list":["post-108065","post","type-post","status-publish","format-standard","has-post-thumbnail","hentry","category-informacion-general","category-portada"],"jetpack_featured_media_url":"https:\/\/i0.wp.com\/cdnoticias.com\/wp-content\/uploads\/2021\/03\/Cartel-Estacionamiento-Medido-1024x682.jpg?fit=1024%2C682&ssl=1","jetpack_sharing_enabled":true,"_links":{"self":[{"href":"https:\/\/cdnoticias.com\/index.php\/wp-json\/wp\/v2\/posts\/108065","targetHints":{"allow":["GET"]}}],"collection":[{"href":"https:\/\/cdnoticias.com\/index.php\/wp-json\/wp\/v2\/posts"}],"about":[{"href":"https:\/\/cdnoticias.com\/index.php\/wp-json\/wp\/v2\/types\/post"}],"author":[{"embeddable":true,"href":"https:\/\/cdnoticias.com\/index.php\/wp-json\/wp\/v2\/users\/2"}],"replies":[{"embeddable":true,"href":"https:\/\/cdnoticias.com\/index.php\/wp-json\/wp\/v2\/comments?post=108065"}],"version-history":[{"count":0,"href":"https:\/\/cdnoticias.com\/index.php\/wp-json\/wp\/v2\/posts\/108065\/revisions"}],"wp:featuredmedia":[{"embeddable":true,"href":"https:\/\/cdnoticias.com\/index.php\/wp-json\/wp\/v2\/media\/16669"}],"wp:attachment":[{"href":"https:\/\/cdnoticias.com\/index.php\/wp-json\/wp\/v2\/media?parent=108065"}],"wp:term":[{"taxonomy":"category","embeddable":true,"href":"https:\/\/cdnoticias.com\/index.php\/wp-json\/wp\/v2\/categories?post=108065"},{"taxonomy":"post_tag","embeddable":true,"href":"https:\/\/cdnoticias.com\/index.php\/wp-json\/wp\/v2\/tags?post=108065"}],"curies":[{"name":"wp","href":"https:\/\/api.w.org\/{rel}","templated":true}]}}