{"id":108034,"date":"2024-02-03T12:41:47","date_gmt":"2024-02-03T15:41:47","guid":{"rendered":"https:\/\/cdnoticias.com\/?p=108034"},"modified":"2024-02-03T20:33:03","modified_gmt":"2024-02-03T23:33:03","slug":"la-olavarriense-rosana-farana-estara-en-el-primer-festival-de-performances-de-buenos-aires","status":"publish","type":"post","link":"https:\/\/cdnoticias.com\/index.php\/2024\/02\/03\/la-olavarriense-rosana-farana-estara-en-el-primer-festival-de-performances-de-buenos-aires\/","title":{"rendered":"La olavarriense Rosana Farana estar\u00e1 en el Primer Festival de Performances de Buenos Aires"},"content":{"rendered":"\n<p>Su obra fue seleccionada junto a la de artistas de Brasil, M\u00e9xico, Italia, Reino Unido, Alemania, Sud\u00e1frica e India, entre otros pa\u00edses, adem\u00e1s de Argentina. El festival ser\u00e1 del 8 al 11 de febrero.<\/p>\n\n\n\n<hr class=\"wp-block-separator aligncenter has-alpha-channel-opacity\"\/>\n\n\n\n<p>El<strong> Primer Festival de Performances <\/strong>se desarrollar\u00e1 el <strong>8 al 11 de febrero con la participaci\u00f3n de 30 artistas <\/strong>convocados por la artista y performer Ariadna Pastorini para trabajar la <strong>relaci\u00f3n naturaleza y ecolog\u00eda<\/strong> y un formato que combinar\u00e1 un d\u00eda de actividades presenciales en el barrio de Agronom\u00eda y una agenda de propuestas que podr\u00e1n seguirse por YouTube.<\/p>\n\n\n\n<p><\/p>\n\n\n\n<p>Una de las seleccionadas fue la <strong>olavarriense Rosana Farana<\/strong>, quien representar\u00e1 a la ciudad con algunas de sus obras.<\/p>\n\n\n\n<p><\/p>\n\n\n\n<p>Bajo el nombre &#8220;<strong><em>Reconectar&#8221;, <\/em><\/strong>el programa 2024 del festival comenzar\u00e1 el <strong>jueves 8 de febrero a partir de las 17 horas<\/strong> cuando est\u00e9 disponible en las redes sociales las videoperformances de<strong> artistas provenientes de Brasil, M\u00e9xico, Italia, Reino Unido, Alemania, Sud\u00e1frica e India, entre otros pa\u00edses, adem\u00e1s de Argentina.<\/strong><\/p>\n\n\n\n<p><\/p>\n\n\n\n<p>La propuesta se desarrollar\u00e1 en<strong> modalidad presencial el s\u00e1bado 10 a las 18 horas<\/strong> en el espacio p\u00fablico del parque de Agronom\u00eda, de la ciudad de Buenos Aires.<\/p>\n\n\n\n<p><\/p>\n\n\n\n<p>El Festival busca el modo &#8220;de reconectar con la naturaleza a trav\u00e9s de diversas formas: rituales, reglas, teor\u00edas&#8221;, y es organizado por Ariadna Pastorini y Machi P\u00e9rez en la plataforma performances de encierro, conocida tambi\u00e9n como lockdown performances, un &#8220;proyecto global&#8221; y virtual nacido en 2020.<\/p>\n\n\n\n<p><\/p>\n\n\n\n<p>Este proyecto realizado entre 2020 y 2021 de performances enfocadas en la pandemia impuls\u00f3 un modo de acercar las soledades y encierros de las personas impuestas para evitar contagios y la alta mortalidad provocada por la pandemia en los primeros meses y sin una vacuna a la vista, cuando el mundo qued\u00f3 en pausa.<\/p>\n\n\n\n<p><\/p>\n\n\n\n<p>Del proyecto <strong>participaron m\u00e1s de 130 artistas de todo el mundo<\/strong> con videoperformances, podcast, encuentros, festivales, vivos, e incluso la presentaci\u00f3n en 2022 de un libro en Arthaus central.<\/p>\n\n\n\n<p><\/p>\n\n\n\n<p>Finalmente, <strong>se presentar\u00e1n 28 propuestas<\/strong> in\u00e9ditas y recientes en formato de videoperformances de unos 5 minutos que estar\u00e1n disponibles en el canal de YouTube @performancesencierro7983 adem\u00e1s de las cuentas de Instagram, Facebook, Pinterest, y en la p\u00e1gina <a href=\"https:\/\/performancesdeencierro.blogspot.com\/\">https:\/\/performancesdeencierro.blogspot.com\/<\/a>.<\/p>\n\n\n\n<blockquote class=\"wp-block-quote is-layout-flow wp-block-quote-is-layout-flow\">\n<p>Entre los artistas argentinos estar\u00e1n: &#8220;Yo lo grito&#8221;, de Lujan Funes; &#8220;Sevenland virtual ecosistem&#8221;, de Fabiana Barreda; y &#8220;Huellas de pies, Huellas de sol&#8221; y &#8220;No es roc\u00edo, sereno vern\u00e1culo&#8221; de Rosana Farana, desde Olavarr\u00eda, provincia de Buenos Aires, entre otros.<\/p>\n<\/blockquote>\n\n\n\n<p><\/p>\n\n\n\n<p>Entre las<strong> propuestas internacionales<\/strong>, se presentar\u00e1 &#8220;Burnt&#8221; de Bill Aitchison (Reino Unido-China), &#8220;Confrontaci\u00f3n&#8221; y &#8220;Belonged&#8221; de Frank Lahera O\u00b4Callaghan (Cuba), &#8220;La monta\u00f1a&#8221; de Mariela Sola (Chile), y &#8220;Ombligo del mundo&#8221; Maria Bitka (Polonia), por ejemplo.<\/p>\n\n\n\n<p><\/p>\n\n\n\n<p>&#8220;El objetivo es proponer a los artistas que desde la performance recuperen su relaci\u00f3n con la naturaleza, y hablo en t\u00e9rminos de ecolog\u00eda porque hacemos acciones sin intervenci\u00f3n en la naturaleza&#8221;, indic\u00f3 Pastorini.<\/p>\n\n\n\n<p><\/p>\n\n\n\n<p>&#8220;En cuanto a los lugares elegidos para hacer las performances presenciales plantea un acercamiento a todo p\u00fablico que este en ese momento en Agronom\u00eda. Es descentralizar la cultura, correrla a otros&#8221;, sostuvo la artista.<\/p>\n\n\n\n<p><\/p>\n\n\n\n<p><em>Fuente: <\/em>La Opini\u00f3n Austral<\/p>\n","protected":false},"excerpt":{"rendered":"<p>Su obra fue seleccionada junto a la de artistas de Brasil, M\u00e9xico, Italia, Reino Unido, Alemania, Sud\u00e1frica e India, entre<\/p>\n","protected":false},"author":6,"featured_media":108037,"comment_status":"closed","ping_status":"closed","sticky":false,"template":"","format":"standard","meta":{"_jetpack_memberships_contains_paid_content":false,"footnotes":""},"categories":[9,1],"tags":[],"class_list":["post-108034","post","type-post","status-publish","format-standard","has-post-thumbnail","hentry","category-cultura","category-portada"],"jetpack_featured_media_url":"https:\/\/i0.wp.com\/cdnoticias.com\/wp-content\/uploads\/2024\/02\/rosana-farana.jpeg?fit=720%2C558&ssl=1","jetpack_sharing_enabled":true,"_links":{"self":[{"href":"https:\/\/cdnoticias.com\/index.php\/wp-json\/wp\/v2\/posts\/108034","targetHints":{"allow":["GET"]}}],"collection":[{"href":"https:\/\/cdnoticias.com\/index.php\/wp-json\/wp\/v2\/posts"}],"about":[{"href":"https:\/\/cdnoticias.com\/index.php\/wp-json\/wp\/v2\/types\/post"}],"author":[{"embeddable":true,"href":"https:\/\/cdnoticias.com\/index.php\/wp-json\/wp\/v2\/users\/6"}],"replies":[{"embeddable":true,"href":"https:\/\/cdnoticias.com\/index.php\/wp-json\/wp\/v2\/comments?post=108034"}],"version-history":[{"count":0,"href":"https:\/\/cdnoticias.com\/index.php\/wp-json\/wp\/v2\/posts\/108034\/revisions"}],"wp:featuredmedia":[{"embeddable":true,"href":"https:\/\/cdnoticias.com\/index.php\/wp-json\/wp\/v2\/media\/108037"}],"wp:attachment":[{"href":"https:\/\/cdnoticias.com\/index.php\/wp-json\/wp\/v2\/media?parent=108034"}],"wp:term":[{"taxonomy":"category","embeddable":true,"href":"https:\/\/cdnoticias.com\/index.php\/wp-json\/wp\/v2\/categories?post=108034"},{"taxonomy":"post_tag","embeddable":true,"href":"https:\/\/cdnoticias.com\/index.php\/wp-json\/wp\/v2\/tags?post=108034"}],"curies":[{"name":"wp","href":"https:\/\/api.w.org\/{rel}","templated":true}]}}