{"id":10801,"date":"2021-01-07T09:22:48","date_gmt":"2021-01-07T12:22:48","guid":{"rendered":"http:\/\/www.centraldenoticias.com.ar\/?p=10801"},"modified":"2021-01-07T11:32:53","modified_gmt":"2021-01-07T14:32:53","slug":"la-comision-de-salud-del-hcd-pidio-alojar-vacunas-en-el-banco-de-leche","status":"publish","type":"post","link":"https:\/\/cdnoticias.com\/index.php\/2021\/01\/07\/la-comision-de-salud-del-hcd-pidio-alojar-vacunas-en-el-banco-de-leche\/","title":{"rendered":"La comisi\u00f3n de Salud del HCD pidi\u00f3 alojar vacunas en el Banco de Leche"},"content":{"rendered":"<p>Tras la p\u00e9rdida de 400 dosis, la comisi\u00f3n (por mayor\u00eda) emiti\u00f3 una nota a la Provincia solicitando que hasta que se clarifique la situaci\u00f3n judicial se utilicen las instalaciones de la instituci\u00f3n local.<!--more--><\/p>\n<hr \/>\n<p>En una nota con fecha del pasado mi\u00e9rcoles, <strong>la comisi\u00f3n de Salud del Concejo Deliberante pidi\u00f3, por mayor\u00eda, solicitarle a la Provincia que mientras se realice la investigaci\u00f3n por la p\u00e9rdida de 400 vacunas contra el COVID, las pr\u00f3ximas que lleguen sean alojadas en el Banco de Leche.<\/strong><\/p>\n<p>&nbsp;<\/p>\n<p>Dirigida al Ministerio de Salud bonaerense, a cargo del doctor Daniel Goll\u00e1n, <em>\u201cmientras <a href=\"https:\/\/cdnoticias.com\/index.php\/2021\/01\/06\/vacunas-las-camaras-ya-estan-en-manos-de-la-justicia-y-dos-ingenieros-se-sumaron-a-la-causa\/\" target=\"_blank\" rel=\"noopener\">tramita la causa judicial<\/a> ante la Unidad Funcional de Instrucci\u00f3n N\u00b0 10, a cargo de la Dra. Viviana Beyt\u00eda y hasta tanto se esclarezcan los hechos y se deslinden responsabilidades, solicitamos a <strong>este Ministerio considere apropiado ante la llegada de nuevas dosis para su almacenamiento, distribuci\u00f3n y vacunaci\u00f3n al Banco de leche<\/strong>\u201d.<\/em><\/p>\n<p>&nbsp;<\/p>\n<blockquote><p>Se indic\u00f3 que la instituci\u00f3n local \u201ccuenta con los recursos materiales y humanos \u00f3ptimos para dicha gesti\u00f3n con m\u00e1s de 70 a\u00f1os de experiencia\u201d.<\/p><\/blockquote>\n<p>&nbsp;<\/p>\n<p>Tras exponer que la atribuci\u00f3n de la solicitud es como<em> \u201crepresentantes de la ciudadan\u00eda olavarriense a trav\u00e9s del cuerpo legislativo\u201d<\/em> pidieron una pronta respuesta.<\/p>\n<p>&nbsp;<\/p>\n<p>Cabe se\u00f1alar que la comisi\u00f3n est\u00e1 conformada por <strong>Nicol\u00e1s Marinangeli (Juntos por el Cambio) como presidente, Alicia Almada (Renovaci\u00f3n Peronista) como secretaria, Ferm\u00edn Ferreira, Cecilia Krivochen (JxC) y Mart\u00edn Lastape (UCR).<\/strong> A su vez, tambi\u00e9n es integrada por Guillermo Santell\u00e1n (Frente de Todos) pero no acompa\u00f1\u00f3 la iniciativa.<\/p>\n","protected":false},"excerpt":{"rendered":"<p>Tras la p\u00e9rdida de 400 dosis, la comisi\u00f3n (por mayor\u00eda) emiti\u00f3 una nota a la Provincia solicitando que hasta que<\/p>\n","protected":false},"author":2,"featured_media":3432,"comment_status":"closed","ping_status":"closed","sticky":false,"template":"","format":"standard","meta":{"_jetpack_memberships_contains_paid_content":false,"footnotes":""},"categories":[4,1],"tags":[],"class_list":["post-10801","post","type-post","status-publish","format-standard","has-post-thumbnail","hentry","category-politica","category-portada"],"jetpack_featured_media_url":"https:\/\/i0.wp.com\/cdnoticias.com\/wp-content\/uploads\/2020\/10\/hcd1.jpg?fit=4608%2C3072&ssl=1","jetpack_sharing_enabled":true,"_links":{"self":[{"href":"https:\/\/cdnoticias.com\/index.php\/wp-json\/wp\/v2\/posts\/10801","targetHints":{"allow":["GET"]}}],"collection":[{"href":"https:\/\/cdnoticias.com\/index.php\/wp-json\/wp\/v2\/posts"}],"about":[{"href":"https:\/\/cdnoticias.com\/index.php\/wp-json\/wp\/v2\/types\/post"}],"author":[{"embeddable":true,"href":"https:\/\/cdnoticias.com\/index.php\/wp-json\/wp\/v2\/users\/2"}],"replies":[{"embeddable":true,"href":"https:\/\/cdnoticias.com\/index.php\/wp-json\/wp\/v2\/comments?post=10801"}],"version-history":[{"count":0,"href":"https:\/\/cdnoticias.com\/index.php\/wp-json\/wp\/v2\/posts\/10801\/revisions"}],"wp:featuredmedia":[{"embeddable":true,"href":"https:\/\/cdnoticias.com\/index.php\/wp-json\/wp\/v2\/media\/3432"}],"wp:attachment":[{"href":"https:\/\/cdnoticias.com\/index.php\/wp-json\/wp\/v2\/media?parent=10801"}],"wp:term":[{"taxonomy":"category","embeddable":true,"href":"https:\/\/cdnoticias.com\/index.php\/wp-json\/wp\/v2\/categories?post=10801"},{"taxonomy":"post_tag","embeddable":true,"href":"https:\/\/cdnoticias.com\/index.php\/wp-json\/wp\/v2\/tags?post=10801"}],"curies":[{"name":"wp","href":"https:\/\/api.w.org\/{rel}","templated":true}]}}