{"id":10793,"date":"2021-01-07T08:15:13","date_gmt":"2021-01-07T11:15:13","guid":{"rendered":"http:\/\/www.centraldenoticias.com.ar\/?p=10793"},"modified":"2021-01-07T08:15:13","modified_gmt":"2021-01-07T11:15:13","slug":"miguel-angel-sosa-morocho-q-e-p-d","status":"publish","type":"post","link":"https:\/\/cdnoticias.com\/index.php\/2021\/01\/07\/miguel-angel-sosa-morocho-q-e-p-d\/","title":{"rendered":"Miguel Angel Sosa \u201cMorocho\u201d (Q.E.P.D.)"},"content":{"rendered":"<p>Falleci\u00f3 en Olavarr\u00eda el d\u00eda 6 de enero de 2021 a los 63 a\u00f1os de edad.<\/p>\n<p>La mam\u00e1 de sus hijos, Mar\u00eda Cristina Vicente; sus hijos: Rodrigo Eduardo Vicente, Miguel \u00c1ngel y Pablo Gast\u00f3n Sosa; sus nietos: Marcelo, Emiliano, Tiziano, Abril y Nicol\u00e1s; sus hijas pol\u00edticas: Gabriela Pedroza, Jorgelina Ganim y Gisela Laborde; sus hermanos; sus sobrinos y dem\u00e1s deudos participan su fallecimiento.<\/p>\n<p>Sin velatorio. Sin responso. Inhumaci\u00f3n: Cementerio Loma de Paz, jueves 7 de enero a las 14:30 hs. Servicio adherido a Coopelectric.<\/p>\n<p>Vecino del Barrio Santa Isabel<\/p>\n<p>Lugar de nacimiento: Azul<\/p>\n<p>Actividad que desarrollaba: Pensionado<\/p>\n","protected":false},"excerpt":{"rendered":"<p>Falleci\u00f3 en Olavarr\u00eda el d\u00eda 6 de enero de 2021 a los 63 a\u00f1os de edad. La mam\u00e1 de sus<\/p>\n","protected":false},"author":4,"featured_media":0,"comment_status":"closed","ping_status":"closed","sticky":false,"template":"","format":"standard","meta":{"_jetpack_memberships_contains_paid_content":false,"footnotes":""},"categories":[10],"tags":[],"class_list":["post-10793","post","type-post","status-publish","format-standard","hentry","category-necrologicas"],"jetpack_featured_media_url":"","jetpack_sharing_enabled":true,"_links":{"self":[{"href":"https:\/\/cdnoticias.com\/index.php\/wp-json\/wp\/v2\/posts\/10793","targetHints":{"allow":["GET"]}}],"collection":[{"href":"https:\/\/cdnoticias.com\/index.php\/wp-json\/wp\/v2\/posts"}],"about":[{"href":"https:\/\/cdnoticias.com\/index.php\/wp-json\/wp\/v2\/types\/post"}],"author":[{"embeddable":true,"href":"https:\/\/cdnoticias.com\/index.php\/wp-json\/wp\/v2\/users\/4"}],"replies":[{"embeddable":true,"href":"https:\/\/cdnoticias.com\/index.php\/wp-json\/wp\/v2\/comments?post=10793"}],"version-history":[{"count":0,"href":"https:\/\/cdnoticias.com\/index.php\/wp-json\/wp\/v2\/posts\/10793\/revisions"}],"wp:attachment":[{"href":"https:\/\/cdnoticias.com\/index.php\/wp-json\/wp\/v2\/media?parent=10793"}],"wp:term":[{"taxonomy":"category","embeddable":true,"href":"https:\/\/cdnoticias.com\/index.php\/wp-json\/wp\/v2\/categories?post=10793"},{"taxonomy":"post_tag","embeddable":true,"href":"https:\/\/cdnoticias.com\/index.php\/wp-json\/wp\/v2\/tags?post=10793"}],"curies":[{"name":"wp","href":"https:\/\/api.w.org\/{rel}","templated":true}]}}