{"id":10791,"date":"2021-01-07T08:10:55","date_gmt":"2021-01-07T11:10:55","guid":{"rendered":"http:\/\/www.centraldenoticias.com.ar\/?p=10791"},"modified":"2021-01-07T08:10:55","modified_gmt":"2021-01-07T11:10:55","slug":"zulema-irene-torres-viuda-de-zimmermann-q-e-p-d","status":"publish","type":"post","link":"https:\/\/cdnoticias.com\/index.php\/2021\/01\/07\/zulema-irene-torres-viuda-de-zimmermann-q-e-p-d\/","title":{"rendered":"Zulema Irene Torres viuda de Zimmermann (Q.E.P.D.)"},"content":{"rendered":"<p>Falleci\u00f3 en Olavarr\u00eda el d\u00eda 6 de enero de 2021 a los 79 a\u00f1os de edad.<\/p>\n<p>Sus hijas: Alejandra Aref y Lina Zimmermann; sus nietos: Gea, Dio, Ian e Isabella Nucci y dem\u00e1s deudos participan su fallecimiento.<\/p>\n<p>Velatorio: Sala de Espa\u00f1a Nro. 2942 Dto. \u201cC\u201d, jueves 7 de enero de 8:30 a 10:30. Responso: Capilla Ardiente. Inhumaci\u00f3n: Cementerio Loma de Paz, jueves 7 de enero a las 10:30. Servicio adherido a Coopelectric.<\/p>\n<p>Vecina de Loma Negra.<\/p>\n<p>Actividad que desarrollaba: jubilada y pensionada.<\/p>\n","protected":false},"excerpt":{"rendered":"<p>Falleci\u00f3 en Olavarr\u00eda el d\u00eda 6 de enero de 2021 a los 79 a\u00f1os de edad. Sus hijas: Alejandra Aref<\/p>\n","protected":false},"author":4,"featured_media":0,"comment_status":"closed","ping_status":"closed","sticky":false,"template":"","format":"standard","meta":{"_jetpack_memberships_contains_paid_content":false,"footnotes":""},"categories":[10],"tags":[],"class_list":["post-10791","post","type-post","status-publish","format-standard","hentry","category-necrologicas"],"jetpack_featured_media_url":"","jetpack_sharing_enabled":true,"_links":{"self":[{"href":"https:\/\/cdnoticias.com\/index.php\/wp-json\/wp\/v2\/posts\/10791","targetHints":{"allow":["GET"]}}],"collection":[{"href":"https:\/\/cdnoticias.com\/index.php\/wp-json\/wp\/v2\/posts"}],"about":[{"href":"https:\/\/cdnoticias.com\/index.php\/wp-json\/wp\/v2\/types\/post"}],"author":[{"embeddable":true,"href":"https:\/\/cdnoticias.com\/index.php\/wp-json\/wp\/v2\/users\/4"}],"replies":[{"embeddable":true,"href":"https:\/\/cdnoticias.com\/index.php\/wp-json\/wp\/v2\/comments?post=10791"}],"version-history":[{"count":0,"href":"https:\/\/cdnoticias.com\/index.php\/wp-json\/wp\/v2\/posts\/10791\/revisions"}],"wp:attachment":[{"href":"https:\/\/cdnoticias.com\/index.php\/wp-json\/wp\/v2\/media?parent=10791"}],"wp:term":[{"taxonomy":"category","embeddable":true,"href":"https:\/\/cdnoticias.com\/index.php\/wp-json\/wp\/v2\/categories?post=10791"},{"taxonomy":"post_tag","embeddable":true,"href":"https:\/\/cdnoticias.com\/index.php\/wp-json\/wp\/v2\/tags?post=10791"}],"curies":[{"name":"wp","href":"https:\/\/api.w.org\/{rel}","templated":true}]}}