{"id":107905,"date":"2024-01-31T20:29:34","date_gmt":"2024-01-31T23:29:34","guid":{"rendered":"https:\/\/cdnoticias.com\/?p=107905"},"modified":"2024-02-01T08:31:49","modified_gmt":"2024-02-01T11:31:49","slug":"circulaban-en-moto-con-un-arma-de-fuego-y-fueron-interceptados-terminaron-presos","status":"publish","type":"post","link":"https:\/\/cdnoticias.com\/index.php\/2024\/01\/31\/circulaban-en-moto-con-un-arma-de-fuego-y-fueron-interceptados-terminaron-presos\/","title":{"rendered":"Circulaban en moto con un arma de fuego y fueron interceptados: terminaron presos"},"content":{"rendered":"\n<p>Fue este mi\u00e9rcoles en la zona de General Paz y Calle 19. Hubo una persecuci\u00f3n en la v\u00eda p\u00fablica.<\/p>\n\n\n\n<hr class=\"wp-block-separator aligncenter has-alpha-channel-opacity\"\/>\n\n\n\n<p>Este mi\u00e9rcoles,<strong> personal del Comando de Patrullas aprehendi\u00f3 a dos j\u00f3venes de 19 a\u00f1os que circulaban en moto con un arma de fuego. Al ver uno de los patrulleros, intentaron darse a la fuga y descartaron el rev\u00f3lver.<\/strong><\/p>\n\n\n\n<p>Seg\u00fan se inform\u00f3 oficialmente, en una recorrida a la altura de Alberdi y Necochea detectaron a los dos j\u00f3venes a bordo de la moto y tras ver el patrullero, huyeron a toda velocidad.<\/p>\n\n\n\n<figure class=\"wp-block-image size-full\"><img data-recalc-dims=\"1\" loading=\"lazy\" decoding=\"async\" width=\"800\" height=\"477\" src=\"https:\/\/i0.wp.com\/cdnoticias.com\/wp-content\/uploads\/2024\/01\/policial2.png?resize=800%2C477&#038;ssl=1\" alt=\"\" class=\"wp-image-107882\" srcset=\"https:\/\/i0.wp.com\/cdnoticias.com\/wp-content\/uploads\/2024\/01\/policial2.png?w=820&amp;ssl=1 820w, https:\/\/i0.wp.com\/cdnoticias.com\/wp-content\/uploads\/2024\/01\/policial2.png?resize=300%2C179&amp;ssl=1 300w, https:\/\/i0.wp.com\/cdnoticias.com\/wp-content\/uploads\/2024\/01\/policial2.png?resize=768%2C458&amp;ssl=1 768w\" sizes=\"auto, (max-width: 800px) 100vw, 800px\" \/><\/figure>\n\n\n\n<p>Se dio una persecuci\u00f3n que, en el camino<strong>, descartaron un elemento arroj\u00e1ndolo a la v\u00eda p\u00fablica. Tras ser interceptados en General Paz y Calle 19 fueron aprehendidos.<\/strong><\/p>\n\n\n\n<p>Tras la presencia de un testigo, dieron cuenta que<strong> el elemento descartado era un arma de fuego tipo rev\u00f3lver, que fue secuestrado para realizar los peritajes correspondientes.<\/strong><\/p>\n\n\n\n<p>Luego de su trasladado a la Comisar\u00eda Primera<strong>, el imputado por encubrimiento fue liberado de forma inmediata mientras que el otro joven, que portaba el arma, recuper\u00f3 su libertad luego de prestar declaraci\u00f3n.<\/strong><\/p>\n\n\n\n<figure class=\"wp-block-image size-full\"><img data-recalc-dims=\"1\" loading=\"lazy\" decoding=\"async\" width=\"800\" height=\"478\" src=\"https:\/\/i0.wp.com\/cdnoticias.com\/wp-content\/uploads\/2024\/01\/policial3.png?resize=800%2C478&#038;ssl=1\" alt=\"\" class=\"wp-image-107881\" srcset=\"https:\/\/i0.wp.com\/cdnoticias.com\/wp-content\/uploads\/2024\/01\/policial3.png?w=825&amp;ssl=1 825w, https:\/\/i0.wp.com\/cdnoticias.com\/wp-content\/uploads\/2024\/01\/policial3.png?resize=300%2C179&amp;ssl=1 300w, https:\/\/i0.wp.com\/cdnoticias.com\/wp-content\/uploads\/2024\/01\/policial3.png?resize=768%2C459&amp;ssl=1 768w\" sizes=\"auto, (max-width: 800px) 100vw, 800px\" \/><\/figure>\n\n\n\n<p>Los dos enfrentan cargos por <em><strong>\u201cTenencia ilegal de arma de fuego y encubrimiento\u201d <\/strong><\/em>en una causa que instruye el doctor Url\u00e9zaga, titular de la UFI n\u00b07.<\/p>\n","protected":false},"excerpt":{"rendered":"<p>Fue este mi\u00e9rcoles en la zona de General Paz y Calle 19. Hubo una persecuci\u00f3n en la v\u00eda p\u00fablica. Este<\/p>\n","protected":false},"author":2,"featured_media":107883,"comment_status":"closed","ping_status":"closed","sticky":false,"template":"","format":"standard","meta":{"_jetpack_memberships_contains_paid_content":false,"footnotes":""},"categories":[14,1],"tags":[],"class_list":["post-107905","post","type-post","status-publish","format-standard","has-post-thumbnail","hentry","category-policiales","category-portada"],"jetpack_featured_media_url":"https:\/\/i0.wp.com\/cdnoticias.com\/wp-content\/uploads\/2024\/01\/policial1.png?fit=814%2C480&ssl=1","jetpack_sharing_enabled":true,"_links":{"self":[{"href":"https:\/\/cdnoticias.com\/index.php\/wp-json\/wp\/v2\/posts\/107905","targetHints":{"allow":["GET"]}}],"collection":[{"href":"https:\/\/cdnoticias.com\/index.php\/wp-json\/wp\/v2\/posts"}],"about":[{"href":"https:\/\/cdnoticias.com\/index.php\/wp-json\/wp\/v2\/types\/post"}],"author":[{"embeddable":true,"href":"https:\/\/cdnoticias.com\/index.php\/wp-json\/wp\/v2\/users\/2"}],"replies":[{"embeddable":true,"href":"https:\/\/cdnoticias.com\/index.php\/wp-json\/wp\/v2\/comments?post=107905"}],"version-history":[{"count":0,"href":"https:\/\/cdnoticias.com\/index.php\/wp-json\/wp\/v2\/posts\/107905\/revisions"}],"wp:featuredmedia":[{"embeddable":true,"href":"https:\/\/cdnoticias.com\/index.php\/wp-json\/wp\/v2\/media\/107883"}],"wp:attachment":[{"href":"https:\/\/cdnoticias.com\/index.php\/wp-json\/wp\/v2\/media?parent=107905"}],"wp:term":[{"taxonomy":"category","embeddable":true,"href":"https:\/\/cdnoticias.com\/index.php\/wp-json\/wp\/v2\/categories?post=107905"},{"taxonomy":"post_tag","embeddable":true,"href":"https:\/\/cdnoticias.com\/index.php\/wp-json\/wp\/v2\/tags?post=107905"}],"curies":[{"name":"wp","href":"https:\/\/api.w.org\/{rel}","templated":true}]}}