{"id":107888,"date":"2024-02-01T17:30:23","date_gmt":"2024-02-01T20:30:23","guid":{"rendered":"https:\/\/cdnoticias.com\/?p=107888"},"modified":"2024-02-01T17:30:25","modified_gmt":"2024-02-01T20:30:25","slug":"abrio-la-inscripcion-al-curso-de-manipulacion-de-alimentos","status":"publish","type":"post","link":"https:\/\/cdnoticias.com\/index.php\/2024\/02\/01\/abrio-la-inscripcion-al-curso-de-manipulacion-de-alimentos\/","title":{"rendered":"Abri\u00f3 la inscripci\u00f3n al Curso de Manipulaci\u00f3n de Alimentos"},"content":{"rendered":"\n<p>Ser\u00e1n cuatro clases de asistencia obligatoria entre el mes de febrero y marzo con sede en el Centro Cultural San Jos\u00e9. C\u00f3mo inscribirse.<\/p>\n\n\n\n<hr class=\"wp-block-separator aligncenter has-alpha-channel-opacity\"\/>\n\n\n\n<p>Desde la Direcci\u00f3n de Bromatolog\u00eda se inform\u00f3 que se encuentra <strong>abierta la inscripci\u00f3n para el \u201cCurso de manipulaci\u00f3n de alimentos<\/strong>\u201d, que se realizar\u00e1 de <strong>manera presencial.<\/strong><\/p>\n\n\n\n<p><\/p>\n\n\n\n<p>El curso consta de <strong>cuatro clases <\/strong>(12 horas en total), de asistencia obligatoria, que se llevar\u00e1n a cabo los d\u00edas <strong>27 y 29 de febrero, 5 y 7 de marzo, <\/strong>en el horario de<strong> 9 a 12 horas, <\/strong>en el auditorio del <strong>Centro Cultural San Jos\u00e9.<\/strong><\/p>\n\n\n\n<p><\/p>\n\n\n\n<p>La <strong>inscripci\u00f3n es gratuita <\/strong>y <strong>estar\u00e1 abierta hasta el d\u00eda domingo 18 de febrero inclusive o hasta completar cupo <\/strong>a trav\u00e9s de un formulario disponible haciendo <a href=\"https:\/\/docs.google.com\/forms\/d\/e\/1FAIpQLSdtlxS-SNHCDhFSMvgBtosLbsdCv6f1kvknDkDlsQJagDfSfw\/viewform\">click ac\u00e1.<\/a><\/p>\n\n\n\n<p><\/p>\n\n\n\n<p>El curso est\u00e1 dirigido para todas aquellas personas que a\u00fan no lo hayan realizado. La capacitaci\u00f3n finaliza con la <strong>aprobaci\u00f3n de una evaluaci\u00f3n<\/strong>, que permite la gesti\u00f3n del carnet de manipulador de alimentos.<\/p>\n\n\n\n<p><\/p>\n\n\n\n<p>Ante dudas o consultas comunicarse por mail a bromatologia@olavarria.gov.ar o al tel\u00e9fono 2284-616993 (s\u00f3lo llamadas).<\/p>\n\n\n\n<p><\/p>\n\n\n\n<p><strong><em>\u00bfQui\u00e9n debe obtener el carnet de manipulador?<\/em><\/strong><\/p>\n\n\n\n<p><\/p>\n\n\n\n<p>Toda persona que realice actividades por la cual est\u00e9 o pudiera estar en contacto con alimentos, en establecimientos donde se elaboren, fraccionen, almacenen, transporten, comercialicen y\/o enajenen alimentos, o sus materias primas.<\/p>\n\n\n\n<p><\/p>\n\n\n\n<p>El carnet es obligatorio para quienes trabajan en autoempleo, en relaci\u00f3n de dependencia y\/o quienes son titulares de las razones sociales que tiene a cargo establecimientos productores\/elaboradores de alimentos registrados y habilitados en la provincia de Buenos Aires.<\/p>\n\n\n\n<p><\/p>\n\n\n\n<p><strong><em>\u00bfQu\u00e9 alcance tiene el carnet de manipulador?<\/em><\/strong><\/p>\n\n\n\n<p>El carnet de manipulador tiene validez en todo el territorio nacional y una vigencia por el plazo de 3 a\u00f1os.<\/p>\n","protected":false},"excerpt":{"rendered":"<p>Ser\u00e1n cuatro clases de asistencia obligatoria entre el mes de febrero y marzo con sede en el Centro Cultural San<\/p>\n","protected":false},"author":4,"featured_media":45684,"comment_status":"closed","ping_status":"closed","sticky":false,"template":"","format":"standard","meta":{"_jetpack_memberships_contains_paid_content":false,"footnotes":""},"categories":[5,1],"tags":[],"class_list":["post-107888","post","type-post","status-publish","format-standard","has-post-thumbnail","hentry","category-informacion-general","category-portada"],"jetpack_featured_media_url":"https:\/\/i0.wp.com\/cdnoticias.com\/wp-content\/uploads\/2022\/02\/Alimentos.jpg?fit=700%2C420&ssl=1","jetpack_sharing_enabled":true,"_links":{"self":[{"href":"https:\/\/cdnoticias.com\/index.php\/wp-json\/wp\/v2\/posts\/107888","targetHints":{"allow":["GET"]}}],"collection":[{"href":"https:\/\/cdnoticias.com\/index.php\/wp-json\/wp\/v2\/posts"}],"about":[{"href":"https:\/\/cdnoticias.com\/index.php\/wp-json\/wp\/v2\/types\/post"}],"author":[{"embeddable":true,"href":"https:\/\/cdnoticias.com\/index.php\/wp-json\/wp\/v2\/users\/4"}],"replies":[{"embeddable":true,"href":"https:\/\/cdnoticias.com\/index.php\/wp-json\/wp\/v2\/comments?post=107888"}],"version-history":[{"count":0,"href":"https:\/\/cdnoticias.com\/index.php\/wp-json\/wp\/v2\/posts\/107888\/revisions"}],"wp:featuredmedia":[{"embeddable":true,"href":"https:\/\/cdnoticias.com\/index.php\/wp-json\/wp\/v2\/media\/45684"}],"wp:attachment":[{"href":"https:\/\/cdnoticias.com\/index.php\/wp-json\/wp\/v2\/media?parent=107888"}],"wp:term":[{"taxonomy":"category","embeddable":true,"href":"https:\/\/cdnoticias.com\/index.php\/wp-json\/wp\/v2\/categories?post=107888"},{"taxonomy":"post_tag","embeddable":true,"href":"https:\/\/cdnoticias.com\/index.php\/wp-json\/wp\/v2\/tags?post=107888"}],"curies":[{"name":"wp","href":"https:\/\/api.w.org\/{rel}","templated":true}]}}