{"id":107855,"date":"2024-01-31T10:15:30","date_gmt":"2024-01-31T13:15:30","guid":{"rendered":"https:\/\/cdnoticias.com\/?p=107855"},"modified":"2024-01-31T12:04:32","modified_gmt":"2024-01-31T15:04:32","slug":"un-incendio-arraso-con-30-hectareas-en-santa-dominga","status":"publish","type":"post","link":"https:\/\/cdnoticias.com\/index.php\/2024\/01\/31\/un-incendio-arraso-con-30-hectareas-en-santa-dominga\/","title":{"rendered":"Un incendio arras\u00f3 con 30 hect\u00e1reas en Santa Dominga"},"content":{"rendered":"<p>Se dio en la noche del mi\u00e9rcoles y por unas dos horas trabaj\u00f3 una dotaci\u00f3n de Bomberos. Se explic\u00f3 que un cable que se cort\u00f3 por el viento habr\u00eda iniciado las llamas.<\/p>\n<p><!--more--><\/p>\n<hr \/>\n<p>Un <strong>incendio arras\u00f3 con 30 hect\u00e1reas<\/strong> en un <strong>campo de la zona de Santa Dominga.<\/strong><\/p>\n<p><strong>Las llamas se declararon en el establecimiento rural \u201cLa Tormenta\u201d<\/strong> ubicado cerca de Blanca Chica y demandaron la labor de <strong>Bomberos por unas dos horas<\/strong>.<\/p>\n<p>Desde el establecimiento rural se explic\u00f3 que <strong>un cable del tendido el\u00e9ctrico que se cort\u00f3 por el viento habr\u00eda iniciado el fuego<\/strong> en un rastrojo y se extendi\u00f3 a un <strong>sembrado de soja<\/strong>. Adem\u00e1s, <strong>afect\u00f3 al alambrado y poste de l\u00ednea el\u00e9ctrica.<\/strong><\/p>\n<p>Se estim\u00f3 que <strong>el sector alcanzado dej\u00f3 un frente de 3.000 metros de fuego<\/strong> donde intervino la <strong>Unidad 10 del Cuartel Central<\/strong> a cargo del oficial Abel Ruybal. Los voluntarios trabajaron desde las 21.20 hasta las 23.30 en el lugar.<\/p>\n<p>Foto: <em>Archivo<\/em><\/p>\n","protected":false},"excerpt":{"rendered":"<p>Se dio en la noche del mi\u00e9rcoles y por unas dos horas trabaj\u00f3 una dotaci\u00f3n de Bomberos. Se explic\u00f3 que<\/p>\n","protected":false},"author":4,"featured_media":23268,"comment_status":"closed","ping_status":"closed","sticky":false,"template":"","format":"standard","meta":{"_jetpack_memberships_contains_paid_content":false,"footnotes":""},"categories":[14,1],"tags":[],"class_list":["post-107855","post","type-post","status-publish","format-standard","has-post-thumbnail","hentry","category-policiales","category-portada"],"jetpack_featured_media_url":"https:\/\/i0.wp.com\/cdnoticias.com\/wp-content\/uploads\/2021\/06\/WhatsApp-Image-2021-06-05-at-20.37.55.jpeg?fit=1280%2C853&ssl=1","jetpack_sharing_enabled":true,"_links":{"self":[{"href":"https:\/\/cdnoticias.com\/index.php\/wp-json\/wp\/v2\/posts\/107855","targetHints":{"allow":["GET"]}}],"collection":[{"href":"https:\/\/cdnoticias.com\/index.php\/wp-json\/wp\/v2\/posts"}],"about":[{"href":"https:\/\/cdnoticias.com\/index.php\/wp-json\/wp\/v2\/types\/post"}],"author":[{"embeddable":true,"href":"https:\/\/cdnoticias.com\/index.php\/wp-json\/wp\/v2\/users\/4"}],"replies":[{"embeddable":true,"href":"https:\/\/cdnoticias.com\/index.php\/wp-json\/wp\/v2\/comments?post=107855"}],"version-history":[{"count":0,"href":"https:\/\/cdnoticias.com\/index.php\/wp-json\/wp\/v2\/posts\/107855\/revisions"}],"wp:featuredmedia":[{"embeddable":true,"href":"https:\/\/cdnoticias.com\/index.php\/wp-json\/wp\/v2\/media\/23268"}],"wp:attachment":[{"href":"https:\/\/cdnoticias.com\/index.php\/wp-json\/wp\/v2\/media?parent=107855"}],"wp:term":[{"taxonomy":"category","embeddable":true,"href":"https:\/\/cdnoticias.com\/index.php\/wp-json\/wp\/v2\/categories?post=107855"},{"taxonomy":"post_tag","embeddable":true,"href":"https:\/\/cdnoticias.com\/index.php\/wp-json\/wp\/v2\/tags?post=107855"}],"curies":[{"name":"wp","href":"https:\/\/api.w.org\/{rel}","templated":true}]}}