{"id":107850,"date":"2024-01-31T11:07:59","date_gmt":"2024-01-31T14:07:59","guid":{"rendered":"https:\/\/cdnoticias.com\/?p=107850"},"modified":"2024-01-31T13:04:58","modified_gmt":"2024-01-31T16:04:58","slug":"sierras-bayas-tras-un-allanamiento-recuperan-una-moto","status":"publish","type":"post","link":"https:\/\/cdnoticias.com\/index.php\/2024\/01\/31\/sierras-bayas-tras-un-allanamiento-recuperan-una-moto\/","title":{"rendered":"Sierras Bayas: tras un allanamiento recuperan una moto"},"content":{"rendered":"<p>El veh\u00edculo ten\u00eda el n\u00famero de motor y chasis suprimidos. Por el hecho se encuentra imputado un joven de 20 a\u00f1os.<!--more--><\/p>\n<hr \/>\n<p>Durante la jornada del martes se llev\u00f3 adelante un allanamiento en una vivienda ubicada en<strong> C\u00e1neva al 2000 en la localidad de Sierras Bayas.<\/strong><\/p>\n<blockquote><p>Efectivos de la subcomisar\u00eda de Sierras Bayas lograron recuperar una<strong> motocicleta marca Rouser, con n\u00famero de motor y chasis suprimidos.<\/strong><\/p><\/blockquote>\n<p>De esta forma qued\u00f3 <strong>imputado un joven de 20 a\u00f1os<\/strong> por infracci\u00f3n al art\u00edculo 298 inciso 3 del C\u00f3digo Penal que se\u00f1ala la falsificaci\u00f3n, alteraci\u00f3n o supresi\u00f3n de la numeraci\u00f3n de un objeto registrado de acuerdo a la ley.<\/p>\n<p>El joven fue notificado de la formaci\u00f3n de la causa, en libertad. La moto fue trasladada a la sede policial para realizar las pericias correspondientes.<\/p>\n","protected":false},"excerpt":{"rendered":"<p>El veh\u00edculo ten\u00eda el n\u00famero de motor y chasis suprimidos. Por el hecho se encuentra imputado un joven de 20<\/p>\n","protected":false},"author":2,"featured_media":107851,"comment_status":"closed","ping_status":"closed","sticky":false,"template":"","format":"standard","meta":{"_jetpack_memberships_contains_paid_content":false,"footnotes":""},"categories":[14,1],"tags":[],"class_list":["post-107850","post","type-post","status-publish","format-standard","has-post-thumbnail","hentry","category-policiales","category-portada"],"jetpack_featured_media_url":"https:\/\/i0.wp.com\/cdnoticias.com\/wp-content\/uploads\/2024\/01\/moto-allanamiento.jpg?fit=800%2C445&ssl=1","jetpack_sharing_enabled":true,"_links":{"self":[{"href":"https:\/\/cdnoticias.com\/index.php\/wp-json\/wp\/v2\/posts\/107850","targetHints":{"allow":["GET"]}}],"collection":[{"href":"https:\/\/cdnoticias.com\/index.php\/wp-json\/wp\/v2\/posts"}],"about":[{"href":"https:\/\/cdnoticias.com\/index.php\/wp-json\/wp\/v2\/types\/post"}],"author":[{"embeddable":true,"href":"https:\/\/cdnoticias.com\/index.php\/wp-json\/wp\/v2\/users\/2"}],"replies":[{"embeddable":true,"href":"https:\/\/cdnoticias.com\/index.php\/wp-json\/wp\/v2\/comments?post=107850"}],"version-history":[{"count":0,"href":"https:\/\/cdnoticias.com\/index.php\/wp-json\/wp\/v2\/posts\/107850\/revisions"}],"wp:featuredmedia":[{"embeddable":true,"href":"https:\/\/cdnoticias.com\/index.php\/wp-json\/wp\/v2\/media\/107851"}],"wp:attachment":[{"href":"https:\/\/cdnoticias.com\/index.php\/wp-json\/wp\/v2\/media?parent=107850"}],"wp:term":[{"taxonomy":"category","embeddable":true,"href":"https:\/\/cdnoticias.com\/index.php\/wp-json\/wp\/v2\/categories?post=107850"},{"taxonomy":"post_tag","embeddable":true,"href":"https:\/\/cdnoticias.com\/index.php\/wp-json\/wp\/v2\/tags?post=107850"}],"curies":[{"name":"wp","href":"https:\/\/api.w.org\/{rel}","templated":true}]}}