{"id":107842,"date":"2024-02-01T17:04:44","date_gmt":"2024-02-01T20:04:44","guid":{"rendered":"https:\/\/cdnoticias.com\/?p=107842"},"modified":"2024-02-01T17:04:46","modified_gmt":"2024-02-01T20:04:46","slug":"los-presos-de-alto-riesgo-no-podran-usar-telefonos-en-las-carceles-federales","status":"publish","type":"post","link":"https:\/\/cdnoticias.com\/index.php\/2024\/02\/01\/los-presos-de-alto-riesgo-no-podran-usar-telefonos-en-las-carceles-federales\/","title":{"rendered":"Los \u201cpresos de alto riesgo\u201d no podr\u00e1n usar tel\u00e9fonos en las c\u00e1rceles federales"},"content":{"rendered":"\n<p>Lo anunci\u00f3 Patricia Bullrich. Es parte de un &#8220;protocolo&#8221; para controlar m\u00e1s las comunicaciones entre las c\u00e1rceles y el exterior.<\/p>\n\n\n\n<hr class=\"wp-block-separator aligncenter has-alpha-channel-opacity\"\/>\n\n\n\n<p>Los <strong><em>\u201c<\/em>presos de alto riesgo<\/strong>\u201d <strong>tendr\u00e1n prohibido el acceso a la telefon\u00eda m\u00f3vil,<\/strong> salvo para casos expresamente autorizados, de acuerdo a un <strong>nuevo \u201cprotocolo\u201d<\/strong> para garantizar su aislamiento que anunci\u00f3 la <strong>ministra Patricia Bullrich.<\/strong><\/p>\n\n\n\n<p><\/p>\n\n\n\n<p>El llamado \u201c<strong>protocolo de gesti\u00f3n para presos de alto riesgo<\/strong>\u201d est\u00e1 inspirado en el <strong>\u201cprotocolo anti piquetes\u201d<\/strong> que puso en marcha Bullrich en los primeros d\u00edas de la gesti\u00f3n Milei para evitar que marchas y manifestaciones corten las calles.<\/p>\n\n\n\n<p><\/p>\n\n\n\n<p>La intenci\u00f3n de la medida es<strong> <\/strong><em>&#8220;controlar mejor las comunicaciones entre las c\u00e1rceles y el exterior, para evitar que delincuentes sigan operando desde el interior de las prisiones, ya sea en la coordinaci\u00f3n de acciones o en la participaci\u00f3n directa&#8221;. <\/em><\/p>\n\n\n\n<p><\/p>\n\n\n\n<blockquote class=\"wp-block-quote is-layout-flow wp-block-quote-is-layout-flow\">\n<p>\u201cDecidimos que se desconecten a los presos para que se genere el verdadero aislamiento dentro de las c\u00e1rceles con los que operan afuera\u201d, explic\u00f3 Bullrich en una conferencia de prensa para presentar el nuevo protocolo.<\/p>\n<\/blockquote>\n\n\n\n<p><\/p>\n\n\n\n<p>Los &#8220;presos de alto riesgo\u201d tendr\u00e1n as\u00ed que cumplir con una serie de nuevas reglas. No podr\u00e1n en principio comunicarse con el exterior, salvo en llamadas previamente autorizadas y unidireccionales, sin posibilidad de respuesta.<\/p>\n\n\n\n<p><\/p>\n\n\n\n<blockquote class=\"wp-block-quote is-layout-flow wp-block-quote-is-layout-flow\">\n<p>Asimismo, habr\u00e1 m\u00e1s tecnolog\u00eda de prevenci\u00f3n en las c\u00e1rceles: scaners, body scan, detectores de metales, sistema con monitoreo de reconocimiento facial, sensores infrarrojos, central de monitoreo las 24 horas los 365 d\u00edas del a\u00f1o en tiempo real y sistema de redundancia.<\/p>\n<\/blockquote>\n\n\n\n<p><\/p>\n\n\n\n<p>Adem\u00e1s, no se dar\u00e1 a conocer la identidad del personal penitenciario que interact\u00fae con estos detenidos y se restringir\u00e1 el r\u00e9gimen de visitas, sobre el que tambi\u00e9n aumentar\u00e1n los controles.<\/p>\n\n\n\n<p><\/p>\n\n\n\n<p><strong><em>\u201cSe acab\u00f3 el vale todo en la Argentina, ni afuera ni adentro de las c\u00e1rceles\u201d,<\/em><\/strong> dijo Bullrich durante la presentaci\u00f3n.<\/p>\n\n\n\n<p><\/p>\n\n\n\n<p><em>Fuente: DIB<\/em><\/p>\n","protected":false},"excerpt":{"rendered":"<p>Lo anunci\u00f3 Patricia Bullrich. Es parte de un &#8220;protocolo&#8221; para controlar m\u00e1s las comunicaciones entre las c\u00e1rceles y el exterior.<\/p>\n","protected":false},"author":6,"featured_media":107843,"comment_status":"closed","ping_status":"closed","sticky":false,"template":"","format":"standard","meta":{"_jetpack_memberships_contains_paid_content":false,"footnotes":""},"categories":[6,1],"tags":[],"class_list":["post-107842","post","type-post","status-publish","format-standard","has-post-thumbnail","hentry","category-nacionales","category-portada"],"jetpack_featured_media_url":"https:\/\/i0.wp.com\/cdnoticias.com\/wp-content\/uploads\/2024\/01\/celular-uso-.jpg?fit=953%2C536&ssl=1","jetpack_sharing_enabled":true,"_links":{"self":[{"href":"https:\/\/cdnoticias.com\/index.php\/wp-json\/wp\/v2\/posts\/107842","targetHints":{"allow":["GET"]}}],"collection":[{"href":"https:\/\/cdnoticias.com\/index.php\/wp-json\/wp\/v2\/posts"}],"about":[{"href":"https:\/\/cdnoticias.com\/index.php\/wp-json\/wp\/v2\/types\/post"}],"author":[{"embeddable":true,"href":"https:\/\/cdnoticias.com\/index.php\/wp-json\/wp\/v2\/users\/6"}],"replies":[{"embeddable":true,"href":"https:\/\/cdnoticias.com\/index.php\/wp-json\/wp\/v2\/comments?post=107842"}],"version-history":[{"count":0,"href":"https:\/\/cdnoticias.com\/index.php\/wp-json\/wp\/v2\/posts\/107842\/revisions"}],"wp:featuredmedia":[{"embeddable":true,"href":"https:\/\/cdnoticias.com\/index.php\/wp-json\/wp\/v2\/media\/107843"}],"wp:attachment":[{"href":"https:\/\/cdnoticias.com\/index.php\/wp-json\/wp\/v2\/media?parent=107842"}],"wp:term":[{"taxonomy":"category","embeddable":true,"href":"https:\/\/cdnoticias.com\/index.php\/wp-json\/wp\/v2\/categories?post=107842"},{"taxonomy":"post_tag","embeddable":true,"href":"https:\/\/cdnoticias.com\/index.php\/wp-json\/wp\/v2\/tags?post=107842"}],"curies":[{"name":"wp","href":"https:\/\/api.w.org\/{rel}","templated":true}]}}