{"id":107739,"date":"2024-01-29T17:31:47","date_gmt":"2024-01-29T20:31:47","guid":{"rendered":"https:\/\/cdnoticias.com\/?p=107739"},"modified":"2024-01-29T17:31:48","modified_gmt":"2024-01-29T20:31:48","slug":"en-un-impactante-accidente-en-ruta-3-fallecieron-dos-personas","status":"publish","type":"post","link":"https:\/\/cdnoticias.com\/index.php\/2024\/01\/29\/en-un-impactante-accidente-en-ruta-3-fallecieron-dos-personas\/","title":{"rendered":"En un impactante accidente en ruta 3 fallecieron dos personas"},"content":{"rendered":"\n<p>Fue a la altura de la localidad de Gonz\u00e1lez Chaves, lugar donde cientos de olavarrienses circulan en esta \u00e9poca del a\u00f1o.<\/p>\n\n\n\n<hr class=\"wp-block-separator aligncenter has-alpha-channel-opacity\"\/>\n\n\n\n<p><strong>Dos personas fallecieron y otras tres resultaron heridas en el marco de un vuelco en la ruta 3, a la altura del distrito bonaerense de Adolfo Gonz\u00e1les Chaves, <\/strong>ciudad donde cientos de olavarrienses transitan sus rutas camino a ciudades de la costa o al sur de la Provincia.<\/p>\n\n\n\n<p>El hecho se produjo<strong> este domingo por la noche cuando, seg\u00fan inform\u00f3 el diario La Voz del Pueblo de Tres Arroyos, un auto Fiat Siena volc\u00f3 y se incendi\u00f3 en el kil\u00f3metro 463 de la ruta 3.<\/strong><\/p>\n\n\n\n<p><strong>Como consecuencia del siniestro, perdieron la vida los tres arroyenses Jos\u00e9 Luis Mart\u00ednez y Mar\u00eda Rosa Contreras, mientras que otras tres personas resultaron lesionadas en el marco del accidente.<\/strong><\/p>\n\n\n\n<p><strong>Los heridos <\/strong>son una mujer identificada como Olga S\u00e1nchez que se encuentra siendo asistida en Tres Arroyos y dos menores (de 14 y 9 a\u00f1os) que fueron trasladados a Bah\u00eda Blanca con pron\u00f3stico reservado.<\/p>\n\n\n\n<p>En el lugar de los hechos realizaron labores los bomberos voluntarios, agentes de la Polic\u00eda y personal de salud.<\/p>\n","protected":false},"excerpt":{"rendered":"<p>Fue a la altura de la localidad de Gonz\u00e1lez Chaves, lugar donde cientos de olavarrienses circulan en esta \u00e9poca del<\/p>\n","protected":false},"author":2,"featured_media":107740,"comment_status":"closed","ping_status":"closed","sticky":false,"template":"","format":"standard","meta":{"_jetpack_memberships_contains_paid_content":false,"footnotes":""},"categories":[6,1],"tags":[],"class_list":["post-107739","post","type-post","status-publish","format-standard","has-post-thumbnail","hentry","category-nacionales","category-portada"],"jetpack_featured_media_url":"https:\/\/i0.wp.com\/cdnoticias.com\/wp-content\/uploads\/2024\/01\/accidente-en-la-ruta-3.jpeg?fit=768%2C432&ssl=1","jetpack_sharing_enabled":true,"_links":{"self":[{"href":"https:\/\/cdnoticias.com\/index.php\/wp-json\/wp\/v2\/posts\/107739","targetHints":{"allow":["GET"]}}],"collection":[{"href":"https:\/\/cdnoticias.com\/index.php\/wp-json\/wp\/v2\/posts"}],"about":[{"href":"https:\/\/cdnoticias.com\/index.php\/wp-json\/wp\/v2\/types\/post"}],"author":[{"embeddable":true,"href":"https:\/\/cdnoticias.com\/index.php\/wp-json\/wp\/v2\/users\/2"}],"replies":[{"embeddable":true,"href":"https:\/\/cdnoticias.com\/index.php\/wp-json\/wp\/v2\/comments?post=107739"}],"version-history":[{"count":0,"href":"https:\/\/cdnoticias.com\/index.php\/wp-json\/wp\/v2\/posts\/107739\/revisions"}],"wp:featuredmedia":[{"embeddable":true,"href":"https:\/\/cdnoticias.com\/index.php\/wp-json\/wp\/v2\/media\/107740"}],"wp:attachment":[{"href":"https:\/\/cdnoticias.com\/index.php\/wp-json\/wp\/v2\/media?parent=107739"}],"wp:term":[{"taxonomy":"category","embeddable":true,"href":"https:\/\/cdnoticias.com\/index.php\/wp-json\/wp\/v2\/categories?post=107739"},{"taxonomy":"post_tag","embeddable":true,"href":"https:\/\/cdnoticias.com\/index.php\/wp-json\/wp\/v2\/tags?post=107739"}],"curies":[{"name":"wp","href":"https:\/\/api.w.org\/{rel}","templated":true}]}}