{"id":107737,"date":"2024-01-29T18:00:17","date_gmt":"2024-01-29T21:00:17","guid":{"rendered":"https:\/\/cdnoticias.com\/?p=107737"},"modified":"2024-01-29T18:00:19","modified_gmt":"2024-01-29T21:00:19","slug":"alma-gemela-se-presenta-en-chamula-tierra-de-las-artes","status":"publish","type":"post","link":"https:\/\/cdnoticias.com\/index.php\/2024\/01\/29\/alma-gemela-se-presenta-en-chamula-tierra-de-las-artes\/","title":{"rendered":"\u201cAlma Gemela\u201d se presenta en Chamula Tierra de las Artes"},"content":{"rendered":"\n<p>El grupo compuesto por Daniel Avalos y Raul\u00ed Z\u00e1rate dar\u00e1 un show este s\u00e1bado 3 de febrero a las 21 horas.<\/p>\n\n\n\n<hr class=\"wp-block-separator aligncenter has-alpha-channel-opacity\"\/>\n\n\n\n<p>Este <strong>s\u00e1bado<\/strong>, se presentar\u00e1 en <strong>Chamula, Tierra de las Artes<\/strong> el d\u00fao<strong><em> \u201cAlma Gemela\u201d, <\/em><\/strong>a partir de las <strong>21 horas.<\/strong><\/p>\n\n\n\n<p><\/p>\n\n\n\n<p>El grupo est\u00e1 compuesto por <strong>Daniel Avalos y Raul\u00ed Z\u00e1rate<\/strong>, quienes traer\u00e1n \u201c<em>una propuesta con base en el rock pop, creando un canal para hablar, sentir y reflexionar acerca del amor, algo tan esencial en la vida de todo ser. Las canciones rom\u00e1nticas se entrelazan con arreglos de teclados, bajo, coros y bater\u00eda\u201d.<\/em><\/p>\n\n\n\n<p><\/p>\n\n\n\n<p>A esta propuesta se sumar\u00e1n<strong> intervenciones de pintura y arte circense<\/strong>. Alma Gemela realiz\u00f3 su primera presentaci\u00f3n en el m\u00edtico Festival de la Creaci\u00f3n en General Lamadrid. En el 2023 grabaron parte de su producci\u00f3n en los estudios de Tom\u00e1s y Fernando Chiody.<\/p>\n\n\n\n<p><\/p>\n\n\n\n<p>Habr\u00e1 <strong>servicio de cantina<\/strong>, que es parte del sost\u00e9n del espacio. El <strong>costo de las entradas es de $2500 (anticipadas) y de $3000 (en puerta<\/strong>). Los tel\u00e9fonos para la venta son: 2284-602425 \u2013 2284-219559.<\/p>\n","protected":false},"excerpt":{"rendered":"<p>El grupo compuesto por Daniel Avalos y Raul\u00ed Z\u00e1rate dar\u00e1 un show este s\u00e1bado 3 de febrero a las 21<\/p>\n","protected":false},"author":6,"featured_media":1370,"comment_status":"closed","ping_status":"closed","sticky":false,"template":"","format":"standard","meta":{"_jetpack_memberships_contains_paid_content":false,"footnotes":""},"categories":[9,1],"tags":[],"class_list":["post-107737","post","type-post","status-publish","format-standard","has-post-thumbnail","hentry","category-cultura","category-portada"],"jetpack_featured_media_url":"https:\/\/i0.wp.com\/cdnoticias.com\/wp-content\/uploads\/2020\/09\/Chamula4.jpg?fit=4608%2C3072&ssl=1","jetpack_sharing_enabled":true,"_links":{"self":[{"href":"https:\/\/cdnoticias.com\/index.php\/wp-json\/wp\/v2\/posts\/107737","targetHints":{"allow":["GET"]}}],"collection":[{"href":"https:\/\/cdnoticias.com\/index.php\/wp-json\/wp\/v2\/posts"}],"about":[{"href":"https:\/\/cdnoticias.com\/index.php\/wp-json\/wp\/v2\/types\/post"}],"author":[{"embeddable":true,"href":"https:\/\/cdnoticias.com\/index.php\/wp-json\/wp\/v2\/users\/6"}],"replies":[{"embeddable":true,"href":"https:\/\/cdnoticias.com\/index.php\/wp-json\/wp\/v2\/comments?post=107737"}],"version-history":[{"count":0,"href":"https:\/\/cdnoticias.com\/index.php\/wp-json\/wp\/v2\/posts\/107737\/revisions"}],"wp:featuredmedia":[{"embeddable":true,"href":"https:\/\/cdnoticias.com\/index.php\/wp-json\/wp\/v2\/media\/1370"}],"wp:attachment":[{"href":"https:\/\/cdnoticias.com\/index.php\/wp-json\/wp\/v2\/media?parent=107737"}],"wp:term":[{"taxonomy":"category","embeddable":true,"href":"https:\/\/cdnoticias.com\/index.php\/wp-json\/wp\/v2\/categories?post=107737"},{"taxonomy":"post_tag","embeddable":true,"href":"https:\/\/cdnoticias.com\/index.php\/wp-json\/wp\/v2\/tags?post=107737"}],"curies":[{"name":"wp","href":"https:\/\/api.w.org\/{rel}","templated":true}]}}