{"id":10773,"date":"2021-01-06T18:46:55","date_gmt":"2021-01-06T21:46:55","guid":{"rendered":"http:\/\/www.centraldenoticias.com.ar\/?p=10773"},"modified":"2021-01-06T18:46:55","modified_gmt":"2021-01-06T21:46:55","slug":"la-salud-fue-tomada-de-rehen-por-mezquindades-politicas","status":"publish","type":"post","link":"https:\/\/cdnoticias.com\/index.php\/2021\/01\/06\/la-salud-fue-tomada-de-rehen-por-mezquindades-politicas\/","title":{"rendered":"\u201cLa salud fue tomada de reh\u00e9n por mezquindades pol\u00edticas\u201d"},"content":{"rendered":"<p>El vicepresidente del comit\u00e9 y candidato para presidir la UCR a nivel local, Gonzalo Dolagaray, se\u00f1al\u00f3 que hubo intentos de \u201cquitarse responsabilidades y acus\u00e1ndose mutuamente\u201d y que en el medio se olvidaron \u201cde la salud de nuestros vecinos\u201d. Presentar\u00e1n un proyecto en diputados.<!--more--><\/p>\n<hr \/>\n<p>Tras el descarte de 400 dosis contra el COVID d\u00edas pasados,<strong> el vicepresidente del comit\u00e9 local y candidato a presidir la UCR, Gonzalo Dolagaray, expres\u00f3 su opini\u00f3n y confirm\u00f3 que presentar\u00e1n un proyecto en diputados.<\/strong><\/p>\n<p>&nbsp;<\/p>\n<p>Titulado <strong><em>\u201cla salud fue tomada de reh\u00e9n por mezquindades pol\u00edticas\u201d<\/em><\/strong> el dirigente emiti\u00f3 una carta de opini\u00f3n en el que se\u00f1ala que hubo, tras el hecho <em>\u201cun sinf\u00edn de funcionarios y dirigentes recorrieron los medios de comunicaci\u00f3n tratando de quitarse responsabilidades y acus\u00e1ndose mutuamente por lo sucedido\u201d.<\/em><\/p>\n<p>&nbsp;<\/p>\n<p>Sin embargo,<strong><em> \u201cen el medio se olvidaron de lo m\u00e1s importante: la salud de nuestros vecinos y el crecimiento de la falta de credibilidad en una vacunaci\u00f3n mal planificada y poco seria\u201d.<\/em><\/strong> All\u00ed confirm\u00f3 que <em>\u201cdesde Evoluci\u00f3n Radical trabajamos en conjunto con el Diputado Fernando P\u00e9rez, solicitando mayor informaci\u00f3n sobre lo sucedido y el esquema de planificaci\u00f3n para la aplicaci\u00f3n de la vacuna a nivel Provincial\u201d.<\/em><\/p>\n<p>&nbsp;<\/p>\n<p>Denunci\u00f3 que hubo <em>\u201cfalta de organizaci\u00f3n y comunicaci\u00f3n entre Provincia y Municipio, mezquindades pol\u00edticas, discriminaci\u00f3n para algunos distritos de otra bandera pol\u00edtica (el ejemplo cercano de Azul)\u201d<\/em> y que eso deriv\u00f3 <strong><em>\u201cen un final como el que estamos viviendo\u201d.<\/em><\/strong><\/p>\n<p>&nbsp;<\/p>\n<blockquote><p>\u201cMuchas son las dudas de los ciudadanos de aplicarse una nueva vacuna desarrollada en un tiempo menor a los par\u00e1metros habituales, y si a eso le sumamos una improvisaci\u00f3n tan notoria en la planificaci\u00f3n, la desconfianza es sin dudas cada vez mayor\u201d.<\/p><\/blockquote>\n<p>&nbsp;<\/p>\n<p>Dolagaray se pregunt\u00f3: <em>\u201c\u00bfEs necesario tratar de sacar r\u00e9dito pol\u00edtico anunciando la llegada de la vacuna a nuestra ciudad? \u00bfPuede cualquier funcionario, sin ser id\u00f3neo en el tema, decidir d\u00f3nde alojar las dosis? \u00bfNo se puede dejar de lado las banderas partidarias para trabajar en una planificaci\u00f3n conjunta, seria y ordenada? Todas preguntas que r\u00e1pidamente pueden ser respondidas desde el sentido com\u00fan\u201d.<\/em><\/p>\n<p>&nbsp;<\/p>\n<p>Se\u00f1al\u00f3 que la UCR<em> \u201clejos de tratar de sacar alguna ventaja pol\u00edtica\u201d<\/em> decidi\u00f3 esperar dado que <em>\u201chay algo mucho m\u00e1s importante que es la salud y la preocupaci\u00f3n de nuestros vecinos. Era una gran oportunidad para que los diferentes funcionarios se pongan a trabajar en serio, y una vez m\u00e1s se la dej\u00f3 pasar\u201d.<\/em><\/p>\n<p>&nbsp;<\/p>\n<p>En este sentido, <strong>junto al diputado Fernando P\u00e9rez present\u00f3 en la C\u00e1mara de Diputados \u201cun pedido de informes\u201d donde pedir\u00e1n que se explique una serie de puntos, entre ellos la cantidad de vacunas que recibi\u00f3 la Provincia<\/strong> y c\u00f3mo fueron distribuidas, si al d\u00eda del fecha ya se distribuyeron en su totalidad, responsabilidades para almacenarlas, si es de Municipios o la Provincia se encarga, y el porcentaje de personal sanitario de las UTI ya vacunados.<\/p>\n<p>&nbsp;<\/p>\n<blockquote><p>Adem\u00e1s, solicitaron conocer detalles de almacenamiento puntuales tales como infraestructura y log\u00edstica.<\/p><\/blockquote>\n<p>&nbsp;<\/p>\n<p><em>\u201cSon momentos de gran angustia y al mismo tiempo de esperanza para toda la poblaci\u00f3n, pedimos nuevamente a los responsables estar a la altura de la labor que se les encomend\u00f3, y trabajar seriamente para dar las soluciones necesarias para comenzar a dejar atr\u00e1s a esta pandemia que tanto da\u00f1o nos ha hecho\u201d<\/em> cerr\u00f3 Dolagaray.<\/p>\n","protected":false},"excerpt":{"rendered":"<p>El vicepresidente del comit\u00e9 y candidato para presidir la UCR a nivel local, Gonzalo Dolagaray, se\u00f1al\u00f3 que hubo intentos de<\/p>\n","protected":false},"author":5,"featured_media":10774,"comment_status":"closed","ping_status":"closed","sticky":false,"template":"","format":"standard","meta":{"_jetpack_memberships_contains_paid_content":false,"footnotes":""},"categories":[4,1],"tags":[],"class_list":["post-10773","post","type-post","status-publish","format-standard","has-post-thumbnail","hentry","category-politica","category-portada"],"jetpack_featured_media_url":"https:\/\/i0.wp.com\/cdnoticias.com\/wp-content\/uploads\/2021\/01\/GEN0101.jpg?fit=489%2C337&ssl=1","jetpack_sharing_enabled":true,"_links":{"self":[{"href":"https:\/\/cdnoticias.com\/index.php\/wp-json\/wp\/v2\/posts\/10773","targetHints":{"allow":["GET"]}}],"collection":[{"href":"https:\/\/cdnoticias.com\/index.php\/wp-json\/wp\/v2\/posts"}],"about":[{"href":"https:\/\/cdnoticias.com\/index.php\/wp-json\/wp\/v2\/types\/post"}],"author":[{"embeddable":true,"href":"https:\/\/cdnoticias.com\/index.php\/wp-json\/wp\/v2\/users\/5"}],"replies":[{"embeddable":true,"href":"https:\/\/cdnoticias.com\/index.php\/wp-json\/wp\/v2\/comments?post=10773"}],"version-history":[{"count":0,"href":"https:\/\/cdnoticias.com\/index.php\/wp-json\/wp\/v2\/posts\/10773\/revisions"}],"wp:featuredmedia":[{"embeddable":true,"href":"https:\/\/cdnoticias.com\/index.php\/wp-json\/wp\/v2\/media\/10774"}],"wp:attachment":[{"href":"https:\/\/cdnoticias.com\/index.php\/wp-json\/wp\/v2\/media?parent=10773"}],"wp:term":[{"taxonomy":"category","embeddable":true,"href":"https:\/\/cdnoticias.com\/index.php\/wp-json\/wp\/v2\/categories?post=10773"},{"taxonomy":"post_tag","embeddable":true,"href":"https:\/\/cdnoticias.com\/index.php\/wp-json\/wp\/v2\/tags?post=10773"}],"curies":[{"name":"wp","href":"https:\/\/api.w.org\/{rel}","templated":true}]}}