{"id":107724,"date":"2024-01-29T10:29:23","date_gmt":"2024-01-29T13:29:23","guid":{"rendered":"https:\/\/cdnoticias.com\/?p=107724"},"modified":"2024-01-29T10:29:26","modified_gmt":"2024-01-29T13:29:26","slug":"fanazul-este-gobierno-viene-por-el-desguace-del-estado","status":"publish","type":"post","link":"https:\/\/cdnoticias.com\/index.php\/2024\/01\/29\/fanazul-este-gobierno-viene-por-el-desguace-del-estado\/","title":{"rendered":"Fanazul: &#8220;Este gobierno viene por el desguace del Estado&#8221;"},"content":{"rendered":"<p>Lo expres\u00f3 Gustavo Luj\u00e1n, trabajador de la planta de explosivos azule\u00f1a y miembro de ATE. Brind\u00f3 detalles de las reuniones, de las que form\u00f3 parte, con diputados nacionales de distintos bloques a ra\u00edz del proyecto de Ley \u00d3mnibus.<!--more--><\/p>\n<hr \/>\n<p>Trabajadores de la planta de explosivos Fanazul mantuvieron reuniones con legisladores nacionales, en el marco del <strong>proyecto de Ley \u00d3mnibus<\/strong> -actualmente en tratamiento en el Congreso de la Naci\u00f3n- que, entre otras medidas ejecutivas, <strong>prev\u00e9 la privatizaci\u00f3n de las empresas que integran Fabricaciones Militares. Entre ellas, la f\u00e1brica azule\u00f1a.<\/strong><\/p>\n<p>En declaraciones a <em>Diario El Tiempo<\/em>,<strong> Gustavo Luj\u00e1n -trabajador de Fanazul y dirigente gremial-<\/strong>, afirm\u00f3 que &#8220;Fanazul no da perdidas, que no somos deficitarios&#8221;, en tanto que <strong>&#8220;Fabricaciones dio ganancias por m\u00e1s de 5 mil millones de d\u00f3lares&#8221;.<\/strong><\/p>\n<p>Luego del encuentro con trabajadores de Fanazul, el <strong>diputado Eduardo Toniolli, del bloque de Uni\u00f3n por la Patria (UxP)<\/strong>, present\u00f3 una iniciativa con el fin de evitar la enajenaci\u00f3n empresas p\u00fablicas sujetas a privatizaci\u00f3n, al contrario de lo que se incluye en el proyecto de Ley \u00d3mnibus enviado por el Poder Ejecutivo al Congreso Nacional.<\/p>\n<p>La iniciativa -que cuenta tambi\u00e9n con las firmas de Germ\u00e1n Mart\u00ednez, Gabriela Est\u00e9vez, Florencia Carignano y Julia Strada-, propone declarar a Fabricaciones Militares, a la F\u00e1brica Argentina de Aviones (FAdeA) y a los Talleres Navales D\u00e1rsena Norte (Tandanor), como <strong>activos estrat\u00e9gicos de la Naci\u00f3n<\/strong> por su relevancia en el desarrollo industrial para la Defensa Nacional, prohibiendo su privatizaci\u00f3n o enajenaci\u00f3n sin la aprobaci\u00f3n de dos terceras partes de los miembros de cada c\u00e1mara del Congreso de la Naci\u00f3n.<\/p>\n<p>Gustavo Lujan expres\u00f3 que fueron recibidos en una reuni\u00f3n el pasado 17 de enero, &#8220;con mucho respeto, en diferentes horarios por los distintos bloques&#8221;. A todos ellos, en el marco del debate en torno a la Ley \u00d3mnibus del Ejecutivo nacional, se les plante\u00f3 la situaci\u00f3n y la preocupaci\u00f3n que tienen los trabajadores de Fanazul. En un inicio fueron recibidos por diputados del bloque UxP, Gabriela Est\u00e9vez, Julia Strada y Eduardo Toniolli.<\/p>\n<p><strong>\u00bfCu\u00e1l es la situaci\u00f3n actual?<\/strong><\/p>\n<p>Este nuevo gobierno viene por el desguace del Estado y privatizar por privatizar. Nosotros fuimos a demostrar con n\u00fameros que Fanazul no da perdidas, que no somos deficitarios. Y que Fabricaciones dio ganancias por m\u00e1s de 5 mil millones de d\u00f3lares. Se est\u00e1 vendiendo a Per\u00fa mastermix, se vendieron dos camiones, uno a finales de octubre y otro en diciembre -afirm\u00f3 Gustavo Luj\u00e1n.<\/p>\n<p><strong>\u00bfEn qu\u00e9 sector de la f\u00e1brica se desempe\u00f1a?<\/strong><br \/>\nEstoy en Almac\u00e9n, en la parte de acopio. Se recibe todo lo que sea materia prima y materiales varios; y despu\u00e9s, en funci\u00f3n de las necesidades de la planta, se distribuye.<\/p>\n<p><strong>\u00bfCon qui\u00e9nes m\u00e1s mantuvieron di\u00e1logo y c\u00f3mo fue el desarrollo de los encuentros?<\/strong><br \/>\nCon dos diputadas de la Uni\u00f3n C\u00edvica Radical, una de ellas es Gabriela Konning de Rio Tercero, C\u00f3rdoba. La mejor predisposici\u00f3n, nos escucharon y manifestaron que van a acompa\u00f1ar la ley y las privatizaciones, pero van a estudiar una por una, ya que no todas necesariamente deben ser privatizadas. Tambi\u00e9n con los diputados de izquierda Nicol\u00e1s del Ca\u00f1o y Romina Pl\u00e1, que han estado en otros a\u00f1os cuando hicimos el corte en las rutas 3 y la 60. Ellos conoc\u00edan bien lo que venimos viviendo. A su vez, dialogamos con un diputado del bloque de Pichetto que nos preguntaba mucho sobre los n\u00fameros, con una visi\u00f3n m\u00e1s empresarial. Por supuesto le dejamos todo, para que analice y vea lo que se produce.<\/p>\n<p><strong>\u00bfTemen, desde el \u00e1mbito gremial, que privaticen o cierren Fanazul?<\/strong><br \/>\nPersonalmente yo creo que no. Es una empresa que produce, pero el mi\u00e9rcoles [pasado], mientras caminaba por el centro con los compa\u00f1eros en la marcha, sent\u00eda como un d\u00e9j\u00e0 vu&#8230; Pero eso no se puede saber.<\/p>\n<p><strong>\u00bfQu\u00e9 tipo de relaci\u00f3n mantienen con el Directorio de Fabricaciones Militares?<\/strong><br \/>\nBueno, justo esta semana entraron en funciones los nuevos directores. Cuando estaba Durig\u00f3n ten\u00edamos muy buena relaci\u00f3n y di\u00e1logo. Ahora se est\u00e1 esperando que, desde el Directorio, convoquen a los directores de cada f\u00e1brica.<\/p>\n<p><strong>\u00bfUstedes est\u00e1n en contacto fluido con las otras f\u00e1bricas?<\/strong><br \/>\nS\u00ed, todo el tiempo comunicados con los trabajadores de Beltr\u00e1n, Rio tercero y Villa Mar\u00eda.<\/p>\n<p><strong>\u00bfCu\u00e1ntos trabajadores hay hoy en la f\u00e1brica Fanazul?<\/strong><br \/>\nAlrededor de 130. Y el cierre, o lo que puedan llegar a ocurrir si la privatizan, no s\u00f3lo afecta a los 130 y sus familias, sino a la econom\u00eda regional, porque nosotros el sueldo lo gastamos en Azul.<\/p>\n<p><strong>Adem\u00e1s, mantuvieron reuniones con el Intendente, en su momento, y con los concejales&#8230;<\/strong><br \/>\nS\u00ed. Ni bien asumi\u00f3 el intendente municipal Nelson Sombra -de hecho, tambi\u00e9n particip\u00f3 del acto del 28 de diciembre-, ha estado siempre a disposici\u00f3n, y entiende que no s\u00f3lo son los 130 trabajadores, sino la econom\u00eda de la regi\u00f3n y que, hoy por hoy, representa entre 80 y 100 millones de pesos. Con respecto a los concejales, s\u00ed, tuvimos una reuni\u00f3n con ellos y el director de la f\u00e1brica, Oscar Espinosa, tambi\u00e9n estuvo presente, planteando nuestra preocupaci\u00f3n que pasen de Sociedad del Estado a una sociedad an\u00f3nima a Fabricaciones militares, quedando as\u00ed a un paso de la privatizaci\u00f3n o el cierre.<\/p>\n<p><strong>Actualmente, \u00bfqu\u00e9 se produce en la planta de Fanazul?<\/strong><br \/>\nMastermix para Per\u00fa y la desmilitarizaci\u00f3n, la carga de proyectiles. Tambi\u00e9n est\u00e1 todo listo para la producci\u00f3n relacionada con la destrucci\u00f3n de chalecos. Lo \u00fanico que falta es que nos traigan la m\u00e1quina, pero todas las instalaciones est\u00e1n listas.<\/p>\n<p><em>Fuente: Diario El Tiempo.<\/em><\/p>\n","protected":false},"excerpt":{"rendered":"<p>Lo expres\u00f3 Gustavo Luj\u00e1n, trabajador de la planta de explosivos azule\u00f1a y miembro de ATE. Brind\u00f3 detalles de las reuniones,<\/p>\n","protected":false},"author":2,"featured_media":107725,"comment_status":"closed","ping_status":"closed","sticky":false,"template":"","format":"standard","meta":{"_jetpack_memberships_contains_paid_content":false,"footnotes":""},"categories":[6,1],"tags":[],"class_list":["post-107724","post","type-post","status-publish","format-standard","has-post-thumbnail","hentry","category-nacionales","category-portada"],"jetpack_featured_media_url":"https:\/\/i0.wp.com\/cdnoticias.com\/wp-content\/uploads\/2024\/01\/gustavo-lujan-fanazul.jpeg?fit=800%2C445&ssl=1","jetpack_sharing_enabled":true,"_links":{"self":[{"href":"https:\/\/cdnoticias.com\/index.php\/wp-json\/wp\/v2\/posts\/107724","targetHints":{"allow":["GET"]}}],"collection":[{"href":"https:\/\/cdnoticias.com\/index.php\/wp-json\/wp\/v2\/posts"}],"about":[{"href":"https:\/\/cdnoticias.com\/index.php\/wp-json\/wp\/v2\/types\/post"}],"author":[{"embeddable":true,"href":"https:\/\/cdnoticias.com\/index.php\/wp-json\/wp\/v2\/users\/2"}],"replies":[{"embeddable":true,"href":"https:\/\/cdnoticias.com\/index.php\/wp-json\/wp\/v2\/comments?post=107724"}],"version-history":[{"count":0,"href":"https:\/\/cdnoticias.com\/index.php\/wp-json\/wp\/v2\/posts\/107724\/revisions"}],"wp:featuredmedia":[{"embeddable":true,"href":"https:\/\/cdnoticias.com\/index.php\/wp-json\/wp\/v2\/media\/107725"}],"wp:attachment":[{"href":"https:\/\/cdnoticias.com\/index.php\/wp-json\/wp\/v2\/media?parent=107724"}],"wp:term":[{"taxonomy":"category","embeddable":true,"href":"https:\/\/cdnoticias.com\/index.php\/wp-json\/wp\/v2\/categories?post=107724"},{"taxonomy":"post_tag","embeddable":true,"href":"https:\/\/cdnoticias.com\/index.php\/wp-json\/wp\/v2\/tags?post=107724"}],"curies":[{"name":"wp","href":"https:\/\/api.w.org\/{rel}","templated":true}]}}