{"id":107689,"date":"2024-01-28T15:11:53","date_gmt":"2024-01-28T18:11:53","guid":{"rendered":"https:\/\/cdnoticias.com\/?p=107689"},"modified":"2024-01-28T15:11:54","modified_gmt":"2024-01-28T18:11:54","slug":"hector-laplace-lo-peor-que-podemos-hacer-es-agachar-la-cabeza-y-dejar-que-nos-quiten-los-derechos-conseguidos","status":"publish","type":"post","link":"https:\/\/cdnoticias.com\/index.php\/2024\/01\/28\/hector-laplace-lo-peor-que-podemos-hacer-es-agachar-la-cabeza-y-dejar-que-nos-quiten-los-derechos-conseguidos\/","title":{"rendered":"H\u00e9ctor Laplace: \u201cLo peor que podemos hacer es agachar la cabeza y dejar que nos quiten los derechos conseguidos\u201d"},"content":{"rendered":"<p>El Secretario General de la Asociaci\u00f3n Obrera Minera Argentina (AOMA) reflexion\u00f3 sobre la jornada hist\u00f3rica del pasado mi\u00e9rcoles 24 de enero.<\/p>\n<p><!--more--><\/p>\n<hr \/>\n<p>El <a href=\"https:\/\/cdnoticias.com\/index.php\/2024\/01\/24\/la-cgt-pidio-a-los-legisladores-que-miren-al-pueblo-y-no-traicionen-a-los-trabajadores\/\" target=\"_blank\" rel=\"noopener\">pasado mi\u00e9rcoles 24 de enero, se llev\u00f3 a cabo el <strong>paro nacional convocado por la<\/strong> <strong>Confederaci\u00f3n General del Trabajo (CGT)<\/strong><\/a><strong> y la multitudinaria movilizaci\u00f3n en diversos puntos del pa\u00eds <\/strong>&#8211;<a href=\"https:\/\/cdnoticias.com\/index.php\/2024\/01\/24\/multitudinaria-marcha-los-olavarrienses-se-manifestaron-en-contra-del-dnu-y-la-ley-omnibus\/\" target=\"_blank\" rel=\"noopener\">entre ellos Olavarr\u00eda<\/a>-, con epicentro en la plaza de los dos congresos de la Ciudad Aut\u00f3noma de Buenos Aires.<\/p>\n<p>Tras dicha jornada, el <strong>Secretario General de AOMA, H\u00e9ctor Laplace<\/strong>, reflexion\u00f3 sobre lo sucedido, y coment\u00f3 que \u201cel a\u00f1o pasado comenzamos a alertar a los compa\u00f1eros y compa\u00f1eras sobre lo que nos pod\u00eda pasar. Sin ir m\u00e1s lejos, d<strong>ijimos en nuestro Congreso anual que deb\u00edamos hacernos cargo de las cosas que se hicieron mal, y hasta titulamos el documento \u2018trabajamos para ser pobres\u2019\u201d<\/strong>.<\/p>\n<p>Tambi\u00e9n agreg\u00f3 que en dicho encuentro \u201cles repet\u00ed hasta el cansancio que si el peronismo no ganaba las elecciones, el futuro iba a ser peor. Lamentablemente el tiempo nos dio la raz\u00f3n, y encima <strong>le quieren hacer creer a los trabajadores que los dirigentes sindicales estamos preocupados por nuestro bolsillo\u201d<\/strong>.<\/p>\n<p><img data-recalc-dims=\"1\" loading=\"lazy\" decoding=\"async\" class=\"size-full wp-image-107690 aligncenter\" src=\"https:\/\/i0.wp.com\/cdnoticias.com\/wp-content\/uploads\/2024\/01\/AOMA-hector-laplace.jpg?resize=800%2C445&#038;ssl=1\" alt=\"\" width=\"800\" height=\"445\" srcset=\"https:\/\/i0.wp.com\/cdnoticias.com\/wp-content\/uploads\/2024\/01\/AOMA-hector-laplace.jpg?w=800&amp;ssl=1 800w, https:\/\/i0.wp.com\/cdnoticias.com\/wp-content\/uploads\/2024\/01\/AOMA-hector-laplace.jpg?resize=300%2C167&amp;ssl=1 300w, https:\/\/i0.wp.com\/cdnoticias.com\/wp-content\/uploads\/2024\/01\/AOMA-hector-laplace.jpg?resize=768%2C427&amp;ssl=1 768w\" sizes=\"auto, (max-width: 800px) 100vw, 800px\" \/><\/p>\n<blockquote><p>Sobre el contexto actual, y la posibilidad de que la Ley \u00d3mnibus se apruebe, Laplace se\u00f1al\u00f3 que \u201ctenemos la obligaci\u00f3n moral ante nuestros viejos y viejas de defender las conquistas que hoy tenemos, y va a ser una pelea dura y larga, porque este gobierno no va a dar el brazo a torcer sobre el pedido de los poderosos\u201d.<\/p><\/blockquote>\n<p>\u201cLo que ocurri\u00f3 el mi\u00e9rcoles no es algo que ocurra normalmente, y menos que tantos compa\u00f1eros y compa\u00f1eras salgan a hacer escuchar su voz en tantos puntos de nuestro Pa\u00eds. Yo <strong>le agradezco a los mineros y mineras que se movilizaron, porque tengo el convencimiento que tenemos que asumir la responsabilidad que nos compete, y unirnos para defender nuestros derechos\u201d<\/strong> reflexion\u00f3 sobre la masiva movilizaci\u00f3n.<\/p>\n<p>Por \u00faltimo, destac\u00f3 que<strong> \u201clo peor que podemos hacer es agachar la cabeza y dejar que nos quiten los derechos conseguidos\u201d<\/strong> y concluy\u00f3 pidiendo que \u201cel movimiento obrero est\u00e9 m\u00e1s junto que nunca\u201d.<\/p>\n<blockquote class=\"wp-embedded-content\" data-secret=\"FUdoQSOFQ4\"><p><a href=\"https:\/\/cdnoticias.com\/index.php\/2024\/01\/24\/la-cgt-pidio-a-los-legisladores-que-miren-al-pueblo-y-no-traicionen-a-los-trabajadores\/\">La CGT pidi\u00f3 a los legisladores que &#8220;miren al pueblo y no traicionen a los trabajadores&#8221;<\/a><\/p><\/blockquote>\n<p><iframe loading=\"lazy\" class=\"wp-embedded-content\" sandbox=\"allow-scripts\" security=\"restricted\" style=\"position: absolute; clip: rect(1px, 1px, 1px, 1px);\" title=\"&#8220;La CGT pidi\u00f3 a los legisladores que &#8220;miren al pueblo y no traicionen a los trabajadores&#8221;&#8221; &#8212; Central de Noticias | Olavarr\u00eda\" src=\"https:\/\/cdnoticias.com\/index.php\/2024\/01\/24\/la-cgt-pidio-a-los-legisladores-que-miren-al-pueblo-y-no-traicionen-a-los-trabajadores\/embed\/#?secret=MrRMsBgl5j#?secret=FUdoQSOFQ4\" data-secret=\"FUdoQSOFQ4\" width=\"600\" height=\"338\" frameborder=\"0\" marginwidth=\"0\" marginheight=\"0\" scrolling=\"no\"><\/iframe><\/p>\n","protected":false},"excerpt":{"rendered":"<p>El Secretario General de la Asociaci\u00f3n Obrera Minera Argentina (AOMA) reflexion\u00f3 sobre la jornada hist\u00f3rica del pasado mi\u00e9rcoles 24 de<\/p>\n","protected":false},"author":4,"featured_media":107691,"comment_status":"closed","ping_status":"closed","sticky":false,"template":"","format":"standard","meta":{"_jetpack_memberships_contains_paid_content":false,"footnotes":""},"categories":[6,1],"tags":[],"class_list":["post-107689","post","type-post","status-publish","format-standard","has-post-thumbnail","hentry","category-nacionales","category-portada"],"jetpack_featured_media_url":"https:\/\/i0.wp.com\/cdnoticias.com\/wp-content\/uploads\/2024\/01\/AOMA-cgt.jpg?fit=1000%2C556&ssl=1","jetpack_sharing_enabled":true,"_links":{"self":[{"href":"https:\/\/cdnoticias.com\/index.php\/wp-json\/wp\/v2\/posts\/107689","targetHints":{"allow":["GET"]}}],"collection":[{"href":"https:\/\/cdnoticias.com\/index.php\/wp-json\/wp\/v2\/posts"}],"about":[{"href":"https:\/\/cdnoticias.com\/index.php\/wp-json\/wp\/v2\/types\/post"}],"author":[{"embeddable":true,"href":"https:\/\/cdnoticias.com\/index.php\/wp-json\/wp\/v2\/users\/4"}],"replies":[{"embeddable":true,"href":"https:\/\/cdnoticias.com\/index.php\/wp-json\/wp\/v2\/comments?post=107689"}],"version-history":[{"count":0,"href":"https:\/\/cdnoticias.com\/index.php\/wp-json\/wp\/v2\/posts\/107689\/revisions"}],"wp:featuredmedia":[{"embeddable":true,"href":"https:\/\/cdnoticias.com\/index.php\/wp-json\/wp\/v2\/media\/107691"}],"wp:attachment":[{"href":"https:\/\/cdnoticias.com\/index.php\/wp-json\/wp\/v2\/media?parent=107689"}],"wp:term":[{"taxonomy":"category","embeddable":true,"href":"https:\/\/cdnoticias.com\/index.php\/wp-json\/wp\/v2\/categories?post=107689"},{"taxonomy":"post_tag","embeddable":true,"href":"https:\/\/cdnoticias.com\/index.php\/wp-json\/wp\/v2\/tags?post=107689"}],"curies":[{"name":"wp","href":"https:\/\/api.w.org\/{rel}","templated":true}]}}